{"id":13527,"date":"2024-05-06T00:00:28","date_gmt":"2024-05-06T02:00:28","guid":{"rendered":"http:\/\/blog.cancaonova.com\/paisecatequistas\/?p=13527"},"modified":"2026-01-28T15:21:33","modified_gmt":"2026-01-28T17:21:33","slug":"sao-domingos-savio","status":"publish","type":"post","link":"https:\/\/blog.cancaonova.com\/paisecatequistas\/sao-domingos-savio\/","title":{"rendered":"S\u00e3o Domingos S\u00e1vio, o pequeno amigo de Dom Bosco"},"content":{"rendered":"<p>Dia 6 de maio \u00e9 a festa lit\u00fargica de S\u00e3o Domingos S\u00e1vio.<\/p>\n<h4>&#8220;Antes morrer do que pecar&#8221;<\/h4>\n<p>S\u00e3o Domingos S\u00e1vio fez a sua primeira comunh\u00e3o aos sete anos; neste dia, prometeu que <em>&#8220;preferia morrer do que pecar&#8221;<\/em>, que confessaria com frequ\u00eancia, iria \u00e0 missa e comungaria sempre que poss\u00edvel, e que seria muito amigo de Jesus e de Maria.\u00a0<a href=\"http:\/\/blog.cancaonova.com\/paisecatequistas\/files\/2023\/05\/dom-bosco.png\"><img loading=\"lazy\" decoding=\"async\" class=\"wp-image-13531 alignnone\" src=\"http:\/\/blog.cancaonova.com\/paisecatequistas\/files\/2023\/05\/dom-bosco.png\" alt=\"\" width=\"600\" height=\"400\" srcset=\"https:\/\/blog.cancaonova.com\/paisecatequistas\/files\/2023\/05\/dom-bosco.png 900w, https:\/\/blog.cancaonova.com\/paisecatequistas\/files\/2023\/05\/dom-bosco-300x200.png 300w, https:\/\/blog.cancaonova.com\/paisecatequistas\/files\/2023\/05\/dom-bosco-768x512.png 768w\" sizes=\"(max-width: 600px) 100vw, 600px\" \/><\/a><\/p>\n<h4>O segredo para ser santo<\/h4>\n<p>Aos 12 anos, foi estudar no orat\u00f3rio de Dom Bosco \u2013 ele sempre quis ser santo! Aprendeu com o sacerdote que o segredo era fazer bem a sua li\u00e7\u00e3o de casa, ser alegre e bom com todos.<\/p>\n<h4><em>&#8220;A Companhia da Virgem Imaculada&#8221;<\/em><\/h4>\n<p>Nossa Senhora sempre esteve presente na sua vida e o ajudou, por isso formou um grupo nos intervalos com seus amigos, o qual chamou: <em>&#8220;A Companhia da Virgem Imaculada&#8221;,<\/em> e assim com seus colegas se comprometeram a amar Maria em tudo o que fizessem.<\/p>\n<p>Que tal contar essa linda hist\u00f3ria \u00e0s nossas crian\u00e7as?<\/p>\n<p><iframe loading=\"lazy\" title=\"Tia Adelita conta a hist\u00c3\u00b3ria de Domingo S\u00c3\u00a1vio e de como ele era sentinela de seus amigos\" width=\"600\" height=\"338\" src=\"https:\/\/www.youtube.com\/embed\/OSf3YV9y8dA?feature=oembed&amp;rel=0\" frameborder=\"0\" allow=\"accelerometer; autoplay; clipboard-write; encrypted-media; gyroscope; picture-in-picture; web-share\" referrerpolicy=\"strict-origin-when-cross-origin\" allowfullscreen><\/iframe><\/p>\n<p>Vamos colorir ?<\/p>\n<p><a href=\"http:\/\/blog.cancaonova.com\/paisecatequistas\/files\/2023\/05\/domingo-savio-recortar.pdf\"><img loading=\"lazy\" decoding=\"async\" class=\"wp-image-13541 alignnone\" src=\"http:\/\/blog.cancaonova.com\/paisecatequistas\/files\/2023\/05\/S\u00e3o-Domingos-S\u00e1vio-1-1.jpg\" alt=\"\" width=\"600\" height=\"849\" srcset=\"https:\/\/blog.cancaonova.com\/paisecatequistas\/files\/2023\/05\/S\u00e3o-Domingos-S\u00e1vio-1-1.jpg 1414w, https:\/\/blog.cancaonova.com\/paisecatequistas\/files\/2023\/05\/S\u00e3o-Domingos-S\u00e1vio-1-1-212x300.jpg 212w, https:\/\/blog.cancaonova.com\/paisecatequistas\/files\/2023\/05\/S\u00e3o-Domingos-S\u00e1vio-1-1-768x1086.jpg 768w\" sizes=\"(max-width: 600px) 100vw, 600px\" \/><\/a><\/p>\n<p><a href=\"https:\/\/blog.cancaonova.com\/paisecatequistas\/files\/2023\/05\/S%C3%A3o-Domingos-S%C3%A1vio-1.pdf\"><img loading=\"lazy\" decoding=\"async\" class=\"wp-image-13537 alignnone\" src=\"http:\/\/blog.cancaonova.com\/paisecatequistas\/files\/2023\/05\/S\u00e3o-Domingos-S\u00e1vio-2.jpg\" alt=\"\" width=\"600\" height=\"849\" srcset=\"https:\/\/blog.cancaonova.com\/paisecatequistas\/files\/2023\/05\/S\u00e3o-Domingos-S\u00e1vio-2.jpg 1414w, https:\/\/blog.cancaonova.com\/paisecatequistas\/files\/2023\/05\/S\u00e3o-Domingos-S\u00e1vio-2-212x300.jpg 212w, https:\/\/blog.cancaonova.com\/paisecatequistas\/files\/2023\/05\/S\u00e3o-Domingos-S\u00e1vio-2-768x1086.jpg 768w\" sizes=\"(max-width: 600px) 100vw, 600px\" \/><\/a><\/p>\n<p>&nbsp;<\/p>\n","protected":false},"excerpt":{"rendered":"<p>Dia 6 de maio \u00e9 a Festa lit\u00fargica de S\u00e3o Domingos S\u00e1vio. Ele fez a sua primeira comunh\u00e3o aos 7 anos; neste dia, prometeu que &#8220;preferia morrer do que pecar&#8221;, que confessaria com frequ\u00eancia, iria \u00e0 missa e comungaria sempre que poss\u00edvel, e que seria muito amigo de Jesus e de Maria.\u00a0 <a href=\"https:\/\/blog.cancaonova.com\/paisecatequistas\/sao-domingos-savio\/\">Continue lendo <span class=\"meta-nav\">&rarr;<\/span><\/a><\/p>\n","protected":false},"author":4340,"featured_media":17300,"comment_status":"closed","ping_status":"closed","sticky":false,"template":"","format":"standard","meta":{"_mi_skip_tracking":false,"_monsterinsights_sitenote_active":false,"_monsterinsights_sitenote_note":"","_monsterinsights_sitenote_category":0,"footnotes":""},"categories":[271,1],"tags":[16672,16619,15161,8001,16723,218881,26712,192567,19322],"_links":{"self":[{"href":"https:\/\/blog.cancaonova.com\/paisecatequistas\/wp-json\/wp\/v2\/posts\/13527"}],"collection":[{"href":"https:\/\/blog.cancaonova.com\/paisecatequistas\/wp-json\/wp\/v2\/posts"}],"about":[{"href":"https:\/\/blog.cancaonova.com\/paisecatequistas\/wp-json\/wp\/v2\/types\/post"}],"author":[{"embeddable":true,"href":"https:\/\/blog.cancaonova.com\/paisecatequistas\/wp-json\/wp\/v2\/users\/4340"}],"replies":[{"embeddable":true,"href":"https:\/\/blog.cancaonova.com\/paisecatequistas\/wp-json\/wp\/v2\/comments?post=13527"}],"version-history":[{"count":17,"href":"https:\/\/blog.cancaonova.com\/paisecatequistas\/wp-json\/wp\/v2\/posts\/13527\/revisions"}],"predecessor-version":[{"id":20082,"href":"https:\/\/blog.cancaonova.com\/paisecatequistas\/wp-json\/wp\/v2\/posts\/13527\/revisions\/20082"}],"wp:featuredmedia":[{"embeddable":true,"href":"https:\/\/blog.cancaonova.com\/paisecatequistas\/wp-json\/wp\/v2\/media\/17300"}],"wp:attachment":[{"href":"https:\/\/blog.cancaonova.com\/paisecatequistas\/wp-json\/wp\/v2\/media?parent=13527"}],"wp:term":[{"taxonomy":"category","embeddable":true,"href":"https:\/\/blog.cancaonova.com\/paisecatequistas\/wp-json\/wp\/v2\/categories?post=13527"},{"taxonomy":"post_tag","embeddable":true,"href":"https:\/\/blog.cancaonova.com\/paisecatequistas\/wp-json\/wp\/v2\/tags?post=13527"}],"curies":[{"name":"wp","href":"https:\/\/api.w.org\/{rel}","templated":true}]}}