{"id":1382,"date":"2017-01-21T08:00:24","date_gmt":"2017-01-21T10:00:24","guid":{"rendered":"http:\/\/blog.cancaonova.com\/paisecatequistas\/?p=1382"},"modified":"2016-12-07T13:12:47","modified_gmt":"2016-12-07T15:12:47","slug":"historia-da-ovelha-perdida","status":"publish","type":"post","link":"https:\/\/blog.cancaonova.com\/paisecatequistas\/historia-da-ovelha-perdida\/","title":{"rendered":"Hist\u00f3ria da Ovelha Perdida"},"content":{"rendered":"<p><a href=\"http:\/\/blog.cancaonova.com\/paisecatequistas\/files\/2010\/04\/ovelha.swf\"><img loading=\"lazy\" decoding=\"async\" class=\"aligncenter size-full wp-image-1385\" src=\"http:\/\/blog.cancaonova.com\/paisecatequistas\/files\/2010\/04\/ovelha.jpg\" alt=\"\" width=\"500\" height=\"424\" \/><\/a><\/p>\n<p><a href=\"http:\/\/blog.cancaonova.com\/paisecatequistas\/files\/2010\/04\/imprima-e-pinte.jpg\"><img loading=\"lazy\" decoding=\"async\" class=\"alignnone size-medium wp-image-1384\" src=\"http:\/\/blog.cancaonova.com\/paisecatequistas\/files\/2010\/04\/imprima-e-pinte-212x300.jpg\" alt=\"\" width=\"212\" height=\"300\" \/><\/a><\/p>\n<p style=\"text-align: justify\">Que homem, dentre voc\u00eas, tendo cem ovelhas, e perdendo uma delas, n\u00e3o deixa no deserto as 99, e n\u00e3o vai atr\u00e1s daquela que est\u00e1 perdida at\u00e9 que venha ach\u00e1-la? E, achando-a, a coloca sobre os seus ombros. Depois,chegando a sua casa, convoca os amigos e vizinhos, dizendo-lhes:<\/p>\n<p>&#8220;Alegrem-se comigo, porque j\u00e1 achei a minha ovelha perdida&#8221;<\/p>\n<p style=\"text-align: justify\">Digo-lhes, que assim haver\u00e1 mais alegria no C\u00e9u por um pecador que se arrepende, que por noventa e nove justos que n\u00e3o necessitam de arrependimento.<\/p>\n<p style=\"text-align: justify\">Biblia para Crian\u00e7as &#8211; Editora Can\u00e7\u00e3o Nova<\/p>\n<p style=\"text-align: justify\">\n","protected":false},"excerpt":{"rendered":"<p>Que homem, dentre voc\u00eas, tendo cem ovelhas, e perdendo uma delas, n\u00e3o deixa no deserto as 99, e n\u00e3o vai atr\u00e1s daquela que est\u00e1 perdida at\u00e9 que venha ach\u00e1-la? E, achando-a, a coloca sobre os seus ombros. Depois,chegando a sua&#8230;<\/p>\n","protected":false},"author":4414,"featured_media":0,"comment_status":"open","ping_status":"open","sticky":false,"template":"","format":"standard","meta":{"_mi_skip_tracking":false,"_monsterinsights_sitenote_active":false,"_monsterinsights_sitenote_note":"","_monsterinsights_sitenote_category":0,"footnotes":""},"categories":[16089],"tags":[16957,102598,16445,16889,102599,27179],"_links":{"self":[{"href":"https:\/\/blog.cancaonova.com\/paisecatequistas\/wp-json\/wp\/v2\/posts\/1382"}],"collection":[{"href":"https:\/\/blog.cancaonova.com\/paisecatequistas\/wp-json\/wp\/v2\/posts"}],"about":[{"href":"https:\/\/blog.cancaonova.com\/paisecatequistas\/wp-json\/wp\/v2\/types\/post"}],"author":[{"embeddable":true,"href":"https:\/\/blog.cancaonova.com\/paisecatequistas\/wp-json\/wp\/v2\/users\/4414"}],"replies":[{"embeddable":true,"href":"https:\/\/blog.cancaonova.com\/paisecatequistas\/wp-json\/wp\/v2\/comments?post=1382"}],"version-history":[{"count":9,"href":"https:\/\/blog.cancaonova.com\/paisecatequistas\/wp-json\/wp\/v2\/posts\/1382\/revisions"}],"predecessor-version":[{"id":6545,"href":"https:\/\/blog.cancaonova.com\/paisecatequistas\/wp-json\/wp\/v2\/posts\/1382\/revisions\/6545"}],"wp:attachment":[{"href":"https:\/\/blog.cancaonova.com\/paisecatequistas\/wp-json\/wp\/v2\/media?parent=1382"}],"wp:term":[{"taxonomy":"category","embeddable":true,"href":"https:\/\/blog.cancaonova.com\/paisecatequistas\/wp-json\/wp\/v2\/categories?post=1382"},{"taxonomy":"post_tag","embeddable":true,"href":"https:\/\/blog.cancaonova.com\/paisecatequistas\/wp-json\/wp\/v2\/tags?post=1382"}],"curies":[{"name":"wp","href":"https:\/\/api.w.org\/{rel}","templated":true}]}}