{"id":13968,"date":"2024-05-03T00:00:13","date_gmt":"2024-05-03T02:00:13","guid":{"rendered":"http:\/\/blog.cancaonova.com\/paisecatequistas\/?p=13968"},"modified":"2025-04-14T10:53:22","modified_gmt":"2025-04-14T12:53:22","slug":"sagrado-coracao-de-jesus-e-imaculado-coracao-de-maria","status":"publish","type":"post","link":"https:\/\/blog.cancaonova.com\/paisecatequistas\/sagrado-coracao-de-jesus-e-imaculado-coracao-de-maria\/","title":{"rendered":"Sagrado Cora\u00e7\u00e3o de Jesus e Imaculado Cora\u00e7\u00e3o de Maria"},"content":{"rendered":"<p><strong>S\u00e3o 12 as promessas de Jesus na devo\u00e7\u00e3o ao Seu Sagrado Cora\u00e7\u00e3o\u00a0<\/strong><\/p>\n<p>1. A minha b\u00ean\u00e7\u00e3o ficar\u00e1 sobre as casas que tiverem a imagem de Meu Sagrado Cora\u00e7\u00e3o;<\/p>\n<p>2. Eu darei aos devotos de Meu Cora\u00e7\u00e3o todas as gra\u00e7as necess\u00e1rias a sua salva\u00e7\u00e3o;<\/p>\n<p>3. Estabelecerei e conservarei a paz em suas fam\u00edlias;<\/p>\n<p>4. Eu os consolarei em todas as suas afli\u00e7\u00f5es;<\/p>\n<p>5. Serei ref\u00fagio seguro na vida, e principalmente na hora da morte;<\/p>\n<p>6. Lan\u00e7arei b\u00ean\u00e7\u00e3os sobre os seus trabalhos e empreendimentos;<\/p>\n<p>7. Os pecadores encontrar\u00e3o, em meu Cora\u00e7\u00e3o, fonte infinita de miseric\u00f3rdia;<\/p>\n<p>8. As almas cansadas v\u00e3o se tornar fervorosas pela pr\u00e1tica dessa devo\u00e7\u00e3o;<\/p>\n<p>9. As almas fervorosas subir\u00e3o, em pouco tempo, a uma alta perfei\u00e7\u00e3o;<\/p>\n<p>10. Darei aos sacerdotes que praticarem especialmente essa devo\u00e7\u00e3o o poder de tocar os cora\u00e7\u00f5es mais endurecidos;<\/p>\n<p>11. As pessoas que divulgarem essa devo\u00e7\u00e3o ter\u00e3o o seu nome inscrito para sempre no Meu Cora\u00e7\u00e3o;<\/p>\n<p>12. A todos os que comungarem, nas primeiras sextas-feiras de nove meses seguidos, darei a gra\u00e7a da perseveran\u00e7a final e da salva\u00e7\u00e3o eterna.<\/p>\n<p><strong>A GRA\u00c7A DA DEVO\u00c7\u00c3O AO IMACULADO CORA\u00c7\u00c3O DE MARIA\u00a0<\/strong><\/p>\n<p>Nossa Senhora, quando apareceu em F\u00e1tima (Portugal), disse a L\u00facia (dos 3 pastorinhos) que estaria junto das pessoas na hora da morte e daria todas as gra\u00e7as que precisassem para a salva\u00e7\u00e3o da pr\u00f3pria alma, se essas pessoas fizessem atos de desagravo ao seu Imaculado Cora\u00e7\u00e3o, podendo ser de maneira especial nos cinco primeiros s\u00e1bados de cada m\u00eas.<\/p>\n<p><a href=\"http:\/\/blog.cancaonova.com\/paisecatequistas\/files\/2023\/05\/desagravo.png\"><img loading=\"lazy\" decoding=\"async\" class=\"wp-image-13970 alignnone\" src=\"http:\/\/blog.cancaonova.com\/paisecatequistas\/files\/2023\/05\/desagravo.png\" alt=\"\" width=\"632\" height=\"395\" srcset=\"https:\/\/blog.cancaonova.com\/paisecatequistas\/files\/2023\/05\/desagravo.png 1539w, https:\/\/blog.cancaonova.com\/paisecatequistas\/files\/2023\/05\/desagravo-300x188.png 300w, https:\/\/blog.cancaonova.com\/paisecatequistas\/files\/2023\/05\/desagravo-768x480.png 768w\" sizes=\"(max-width: 632px) 100vw, 632px\" \/><\/a><\/p>\n<p>Esses atos de repara\u00e7\u00e3o devem ser realizados nos 5 primeiros s\u00e1bados, em qualquer \u00e9poca do ano, desde que sejam s\u00e1bados seguidos.<\/p>\n<p><strong>ATOS DE REPARA\u00c7\u00c3O<\/strong><\/p>\n<ul>\n<li>Confessar<\/li>\n<li>Receber a Eucaristia<\/li>\n<li>Rezar o ter\u00e7o<\/li>\n<li>Ficar 15 minutos na companhia de Maria meditando todos os mist\u00e9rios do Ros\u00e1rio.<\/li>\n<\/ul>\n<p><strong>E POR QUE VIV\u00ca-LOS 5 MESES SEGUIDOS?<\/strong><\/p>\n<p>Porque s\u00e3o cinco as ofensas que entristecem o cora\u00e7\u00e3o da Virgem Maria<\/p>\n<p><strong>A CADA S\u00c1BADO, UMA INTEN\u00c7\u00c3O CONTRA:<\/strong><\/p>\n<ol>\n<li>As palavras feias e as mentiras que dizem contra o seu Imaculado Cora\u00e7\u00e3o;<\/li>\n<li>As d\u00favidas quanto a Sua pureza;<\/li>\n<li>As ofensas que dizem, ao afirmar que ela n\u00e3o \u00e9 a M\u00e3e do Filho de Deus e tamb\u00e9m nossa;<\/li>\n<li>Os que colocam, no cora\u00e7\u00e3o das crian\u00e7as, a rejei\u00e7\u00e3o, o desprezo e at\u00e9 a raiva para com a M\u00e3ezinha do C\u00e9u;<\/li>\n<li>Os que quebram e destroem as sua sagradas imagens;<\/li>\n<\/ol>\n<p>Voc\u00ea sabia que: A festa do Imaculado Cora\u00e7\u00e3o de Maria \u00e9 celebrada um dia depois da festa do Sagrado Cora\u00e7\u00e3o de Jesus?<\/p>\n<p>Maria sempre nos leva a Jesus!<\/p>\n<p>&nbsp;<\/p>\n","protected":false},"excerpt":{"rendered":"<p>S\u00e3o 12 as promessas de Jesus na devo\u00e7\u00e3o ao Seu Sagrado Cora\u00e7\u00e3o\u00a0<br \/>\nO que \u00e9 desagravo? <a href=\"https:\/\/blog.cancaonova.com\/paisecatequistas\/sagrado-coracao-de-jesus-e-imaculado-coracao-de-maria\/\">Continue lendo <span class=\"meta-nav\">&rarr;<\/span><\/a><\/p>\n","protected":false},"author":4340,"featured_media":17294,"comment_status":"closed","ping_status":"closed","sticky":false,"template":"","format":"standard","meta":{"_mi_skip_tracking":false,"_monsterinsights_sitenote_active":false,"_monsterinsights_sitenote_note":"","_monsterinsights_sitenote_category":0,"footnotes":""},"categories":[200710],"tags":[16595,160805,8631,289646,34104,289644],"_links":{"self":[{"href":"https:\/\/blog.cancaonova.com\/paisecatequistas\/wp-json\/wp\/v2\/posts\/13968"}],"collection":[{"href":"https:\/\/blog.cancaonova.com\/paisecatequistas\/wp-json\/wp\/v2\/posts"}],"about":[{"href":"https:\/\/blog.cancaonova.com\/paisecatequistas\/wp-json\/wp\/v2\/types\/post"}],"author":[{"embeddable":true,"href":"https:\/\/blog.cancaonova.com\/paisecatequistas\/wp-json\/wp\/v2\/users\/4340"}],"replies":[{"embeddable":true,"href":"https:\/\/blog.cancaonova.com\/paisecatequistas\/wp-json\/wp\/v2\/comments?post=13968"}],"version-history":[{"count":12,"href":"https:\/\/blog.cancaonova.com\/paisecatequistas\/wp-json\/wp\/v2\/posts\/13968\/revisions"}],"predecessor-version":[{"id":17295,"href":"https:\/\/blog.cancaonova.com\/paisecatequistas\/wp-json\/wp\/v2\/posts\/13968\/revisions\/17295"}],"wp:featuredmedia":[{"embeddable":true,"href":"https:\/\/blog.cancaonova.com\/paisecatequistas\/wp-json\/wp\/v2\/media\/17294"}],"wp:attachment":[{"href":"https:\/\/blog.cancaonova.com\/paisecatequistas\/wp-json\/wp\/v2\/media?parent=13968"}],"wp:term":[{"taxonomy":"category","embeddable":true,"href":"https:\/\/blog.cancaonova.com\/paisecatequistas\/wp-json\/wp\/v2\/categories?post=13968"},{"taxonomy":"post_tag","embeddable":true,"href":"https:\/\/blog.cancaonova.com\/paisecatequistas\/wp-json\/wp\/v2\/tags?post=13968"}],"curies":[{"name":"wp","href":"https:\/\/api.w.org\/{rel}","templated":true}]}}