{"id":14134,"date":"2023-06-09T00:00:10","date_gmt":"2023-06-09T02:00:10","guid":{"rendered":"http:\/\/blog.cancaonova.com\/paisecatequistas\/?p=14134"},"modified":"2024-06-12T10:51:39","modified_gmt":"2024-06-12T12:51:39","slug":"alma-de-cristo","status":"publish","type":"post","link":"https:\/\/blog.cancaonova.com\/paisecatequistas\/alma-de-cristo\/","title":{"rendered":"Alma de Cristo"},"content":{"rendered":"<p>Vamos aprender e rezar essa linda ora\u00e7\u00e3o?<\/p>\n<p>Voc\u00ea pode imprimir para que sua crian\u00e7a cole em algum lugar de destaque ou em seu cantinho de ora\u00e7\u00e3o para lembrar de rezar sempre. Ela \u00e9 uma ora\u00e7\u00e3o muito apropriada para se rezar na missa ap\u00f3s a comunh\u00e3o, em a\u00e7\u00e3o de gra\u00e7as.<\/p>\n<p><strong><em><a href=\"https:\/\/blog.cancaonova.com\/paisecatequistas\/files\/2023\/06\/Design-sem-nome.pdf\"><img loading=\"lazy\" decoding=\"async\" class=\"wp-image-14135 alignnone\" src=\"http:\/\/blog.cancaonova.com\/paisecatequistas\/files\/2023\/06\/ora\u00e7\u00e3o-alma-de-cristo.jpg\" alt=\"\" width=\"700\" height=\"531\" srcset=\"https:\/\/blog.cancaonova.com\/paisecatequistas\/files\/2023\/06\/ora\u00e7\u00e3o-alma-de-cristo.jpg 3425w, https:\/\/blog.cancaonova.com\/paisecatequistas\/files\/2023\/06\/ora\u00e7\u00e3o-alma-de-cristo-300x228.jpg 300w, https:\/\/blog.cancaonova.com\/paisecatequistas\/files\/2023\/06\/ora\u00e7\u00e3o-alma-de-cristo-768x583.jpg 768w\" sizes=\"(max-width: 700px) 100vw, 700px\" \/><\/a><\/em><\/strong><\/p>\n<p><strong><em>Alma de Cristo<\/em><\/strong><\/p>\n<p><em>Alma de Cristo, santificai-me.\u00a0<\/em><br \/>\n<em>Corpo de Cristo, salvai-me.\u00a0<\/em><br \/>\n<em>Sangue de Cristo, inebriai-me.\u00a0<\/em><br \/>\n<em>\u00c1gua do lado de Cristo, lavai-me.\u00a0<\/em><br \/>\n<em>Paix\u00e3o de Cristo, confortai-me.\u00a0<\/em><br \/>\n<em>\u00d3 bom Jesus, ouvi-me.\u00a0<\/em><br \/>\n<em>Dentro das Vossas chagas, escondei-me.\u00a0<\/em><br \/>\n<em>N\u00e3o permitais que eu me separe de V\u00f3s.\u00a0<\/em><br \/>\n<em>Do inimigo maligno, defendei-me.\u00a0<\/em><br \/>\n<em>Na hora da minha morte, chamai-me.\u00a0<\/em><br \/>\n<em>Mandai-me ir para V\u00f3s,\u00a0<\/em><br \/>\n<em>Para que Vos louve com os Vossos Santos\u00a0<\/em><br \/>\n<em>Pelos s\u00e9culos dos s\u00e9culos. Am\u00e9m.<\/em><\/p>\n<p>&nbsp;<\/p>\n","protected":false},"excerpt":{"rendered":"<p>Vamos aprender e rezar essa linda ora\u00e7\u00e3o? Voc\u00ea pode imprimir para que sua crian\u00e7a cole em algum lugar de destaque ou em seu cantinho de ora\u00e7\u00e3o para lembrar de rezar sempre. Ela \u00e9 uma ora\u00e7\u00e3o muito apropriada para se rezar&#8230;<\/p>\n","protected":false},"author":4340,"featured_media":17523,"comment_status":"open","ping_status":"open","sticky":false,"template":"","format":"standard","meta":{"_mi_skip_tracking":false,"_monsterinsights_sitenote_active":false,"_monsterinsights_sitenote_note":"","_monsterinsights_sitenote_category":0,"footnotes":""},"categories":[200710],"tags":[16125,5011,16619,8001,17146,18235,261],"_links":{"self":[{"href":"https:\/\/blog.cancaonova.com\/paisecatequistas\/wp-json\/wp\/v2\/posts\/14134"}],"collection":[{"href":"https:\/\/blog.cancaonova.com\/paisecatequistas\/wp-json\/wp\/v2\/posts"}],"about":[{"href":"https:\/\/blog.cancaonova.com\/paisecatequistas\/wp-json\/wp\/v2\/types\/post"}],"author":[{"embeddable":true,"href":"https:\/\/blog.cancaonova.com\/paisecatequistas\/wp-json\/wp\/v2\/users\/4340"}],"replies":[{"embeddable":true,"href":"https:\/\/blog.cancaonova.com\/paisecatequistas\/wp-json\/wp\/v2\/comments?post=14134"}],"version-history":[{"count":5,"href":"https:\/\/blog.cancaonova.com\/paisecatequistas\/wp-json\/wp\/v2\/posts\/14134\/revisions"}],"predecessor-version":[{"id":17525,"href":"https:\/\/blog.cancaonova.com\/paisecatequistas\/wp-json\/wp\/v2\/posts\/14134\/revisions\/17525"}],"wp:featuredmedia":[{"embeddable":true,"href":"https:\/\/blog.cancaonova.com\/paisecatequistas\/wp-json\/wp\/v2\/media\/17523"}],"wp:attachment":[{"href":"https:\/\/blog.cancaonova.com\/paisecatequistas\/wp-json\/wp\/v2\/media?parent=14134"}],"wp:term":[{"taxonomy":"category","embeddable":true,"href":"https:\/\/blog.cancaonova.com\/paisecatequistas\/wp-json\/wp\/v2\/categories?post=14134"},{"taxonomy":"post_tag","embeddable":true,"href":"https:\/\/blog.cancaonova.com\/paisecatequistas\/wp-json\/wp\/v2\/tags?post=14134"}],"curies":[{"name":"wp","href":"https:\/\/api.w.org\/{rel}","templated":true}]}}