{"id":1423,"date":"2014-02-21T08:00:48","date_gmt":"2014-02-21T10:00:48","guid":{"rendered":"http:\/\/blog.cancaonova.com\/paisecatequistas\/?p=1423"},"modified":"2014-02-17T10:16:09","modified_gmt":"2014-02-17T12:16:09","slug":"para-colorir-4","status":"publish","type":"post","link":"https:\/\/blog.cancaonova.com\/paisecatequistas\/para-colorir-4\/","title":{"rendered":"Para Colorir!!!"},"content":{"rendered":"<h2 style=\"text-align: center\"><a href=\"http:\/\/blog.cancaonova.com\/paisecatequistas\/files\/2010\/04\/maria.jpg\"><img loading=\"lazy\" decoding=\"async\" class=\"size-medium wp-image-1422 aligncenter\" alt=\"\" src=\"http:\/\/blog.cancaonova.com\/paisecatequistas\/files\/2010\/04\/maria-212x300.jpg\" width=\"212\" height=\"300\" \/><\/a><\/h2>\n<h2 style=\"text-align: center\"><span style=\"color: #008000\">O Anjo anuncia o Nascimento de Jesus (Lc 1,26-38)<\/span><\/h2>\n<h4 style=\"text-align: justify\"><span style=\"color: #993366\">O Tempo passou e Isabel j\u00e1 estava no sexto m\u00eas de gravidez quando o Anjo Gabriel foi enviado por Deus a uma cidade da Galil\u00e9ia chamada Nazar\u00e9, para falar com a prima de Isabel, uma virgem que era noiva de Jos\u00e9, um carpinteiro, descendente do rei Davi. O nome da virgem era Maria.<\/span><\/h4>\n<h4 style=\"text-align: justify\">Entrando onde Maria estava o anjo disse:<\/h4>\n<h4 style=\"text-align: justify\"><span style=\"color: #993366\">&#8220;Ave cheia de gra\u00e7a, o Senhora est\u00e1 com voc\u00ea!&#8221; Ela assustou-se e p\u00f4s a pensar o que significariam essas palavras. Disse-lhe ent\u00e3o o anjo:<\/span><\/h4>\n<h4 style=\"text-align: justify\"><span style=\"color: #993366\">&#8220;N\u00e3o tenhas medo, Maria&#8230;&#8221; E o anjo lhe contou que ela havia sido escolhida para ser a m\u00e3e do Filho de Deus. Ela n\u00e3o entendeu como ficaria gr\u00e1vida, porque n\u00e3o era casada, mas o anjo explicou: <\/span><\/h4>\n<h4 style=\"text-align: justify\"><span style=\"color: #993366\">&#8221; O Esp\u00edrito Santo vir\u00e1 sobre voc\u00ea e a for\u00e7a do Alt\u00edssimo a envolver\u00e1 com a sua sombra&#8230;&#8221; O anjo tamb\u00e9m contou sobre Isabel que, mesmo velha, j\u00e1 estava no sexto m\u00eas de gravidez:<\/span><\/h4>\n<h4 style=\"text-align: justify\"><span style=\"color: #993366\">&#8221; A Deus nenhuma coisa \u00e9 impossivel&#8221;.<\/span><\/h4>\n<h4 style=\"text-align: justify\"><span style=\"color: #993366\">Ent\u00e3o Maria disse:<\/span><\/h4>\n<h4 style=\"text-align: justify\"><span style=\"color: #993366\">&#8220;Eis aqui a serva do Senhor, fa\u00e7a-se em mim segundo a sua palavra&#8221;. E o anjo afastou-se dela.<\/span><\/h4>\n<h6 style=\"text-align: justify\"><span style=\"color: #000080\">Texto: Biblia para crian\u00e7as &#8211; Editora Can\u00e7\u00e3o Nova <\/span><\/h6>\n<p style=\"text-align: center\">\n","protected":false},"excerpt":{"rendered":"<p>O Anjo anuncia o Nascimento de Jesus (Lc 1,26-38) O Tempo passou e Isabel j\u00e1 estava no sexto m\u00eas de gravidez quando o Anjo Gabriel foi enviado por Deus a uma cidade da Galil\u00e9ia chamada Nazar\u00e9, para falar com a&#8230;<\/p>\n","protected":false},"author":4414,"featured_media":0,"comment_status":"open","ping_status":"open","sticky":false,"template":"","format":"standard","meta":{"_mi_skip_tracking":false,"_monsterinsights_sitenote_active":false,"_monsterinsights_sitenote_note":"","_monsterinsights_sitenote_category":0,"footnotes":""},"categories":[16089],"tags":[87115,86752,17726,25078,221,231],"_links":{"self":[{"href":"https:\/\/blog.cancaonova.com\/paisecatequistas\/wp-json\/wp\/v2\/posts\/1423"}],"collection":[{"href":"https:\/\/blog.cancaonova.com\/paisecatequistas\/wp-json\/wp\/v2\/posts"}],"about":[{"href":"https:\/\/blog.cancaonova.com\/paisecatequistas\/wp-json\/wp\/v2\/types\/post"}],"author":[{"embeddable":true,"href":"https:\/\/blog.cancaonova.com\/paisecatequistas\/wp-json\/wp\/v2\/users\/4414"}],"replies":[{"embeddable":true,"href":"https:\/\/blog.cancaonova.com\/paisecatequistas\/wp-json\/wp\/v2\/comments?post=1423"}],"version-history":[{"count":12,"href":"https:\/\/blog.cancaonova.com\/paisecatequistas\/wp-json\/wp\/v2\/posts\/1423\/revisions"}],"predecessor-version":[{"id":6648,"href":"https:\/\/blog.cancaonova.com\/paisecatequistas\/wp-json\/wp\/v2\/posts\/1423\/revisions\/6648"}],"wp:attachment":[{"href":"https:\/\/blog.cancaonova.com\/paisecatequistas\/wp-json\/wp\/v2\/media?parent=1423"}],"wp:term":[{"taxonomy":"category","embeddable":true,"href":"https:\/\/blog.cancaonova.com\/paisecatequistas\/wp-json\/wp\/v2\/categories?post=1423"},{"taxonomy":"post_tag","embeddable":true,"href":"https:\/\/blog.cancaonova.com\/paisecatequistas\/wp-json\/wp\/v2\/tags?post=1423"}],"curies":[{"name":"wp","href":"https:\/\/api.w.org\/{rel}","templated":true}]}}