{"id":14242,"date":"2023-06-15T12:51:22","date_gmt":"2023-06-15T14:51:22","guid":{"rendered":"http:\/\/blog.cancaonova.com\/paisecatequistas\/?p=14242"},"modified":"2023-06-15T14:55:55","modified_gmt":"2023-06-15T16:55:55","slug":"cancaonovakids-no-instagram","status":"publish","type":"post","link":"https:\/\/blog.cancaonova.com\/paisecatequistas\/cancaonovakids-no-instagram\/","title":{"rendered":"J\u00e1 conhece o @cancaonovakids?"},"content":{"rendered":"<p>Voc\u00ea j\u00e1 segue a gente?\u00a0<a href=\"https:\/\/www.instagram.com\/cancaonovakids\"><strong>@cancaonovakids<\/strong><\/a>\u00a0\u00e9 o nosso <span style=\"color: #0000ee\"><b><u>Instagram<\/u><\/b><\/span>!<\/p>\n<p>Entre e participe com seus filhos ou catequizandos.<\/p>\n<p>Temos uma supernovidade para comemorarmos o Dia do Sagrado Cora\u00e7\u00e3o de Jesus, amanh\u00e3; e Dia do Imaculado Cora\u00e7\u00e3o de Maria, s\u00e1bado.<\/p>\n<p>Vamos deixar o link de um desenho deles na nossa <strong>Bio,<\/strong> para que voc\u00ea, crian\u00e7a, possa baixar e colorir.<\/p>\n<p><a href=\"https:\/\/www.instagram.com\/p\/CtgwU6DxMNp\/\"><img loading=\"lazy\" decoding=\"async\" class=\"size-full wp-image-14255 alignnone\" src=\"http:\/\/blog.cancaonova.com\/paisecatequistas\/files\/2023\/06\/Captura-de-tela-2023-06-15-120342.jpg\" alt=\"\" width=\"373\" height=\"604\" srcset=\"https:\/\/blog.cancaonova.com\/paisecatequistas\/files\/2023\/06\/Captura-de-tela-2023-06-15-120342.jpg 373w, https:\/\/blog.cancaonova.com\/paisecatequistas\/files\/2023\/06\/Captura-de-tela-2023-06-15-120342-185x300.jpg 185w\" sizes=\"(max-width: 373px) 100vw, 373px\" \/><\/a><\/p>\n<p>A Sarah j\u00e1 est\u00e1 colorindo o dela. Participe enviando uma foto com o seu desenho colorido, poste nos seus <strong>stories,<\/strong> marcando o <strong><a href=\"https:\/\/www.instagram.com\/p\/CtgwU6DxMNp\/\">@cancaonovakids.<\/a><\/strong>\u00a0N\u00f3s vamos repostar todos os seus desenhos na sexta-feira e no s\u00e1bado! Quem ficou animado e vai participar?<\/p>\n<p>Siga-nos e participe.<\/p>\n<p>Este \u00e9 o desenho para colorir e participar:<\/p>\n<p><a href=\"https:\/\/img.cancaonova.com\/cnimages\/especiais\/uploads\/sites\/10\/2023\/06\/Post-sagrado-coracao-de-Jesus.pdf\"><img loading=\"lazy\" decoding=\"async\" class=\"size-full wp-image-14248 alignnone\" src=\"http:\/\/blog.cancaonova.com\/paisecatequistas\/files\/2023\/06\/Captura-de-tela-2023-06-15-114855.jpg\" alt=\"\" width=\"396\" height=\"568\" srcset=\"https:\/\/blog.cancaonova.com\/paisecatequistas\/files\/2023\/06\/Captura-de-tela-2023-06-15-114855.jpg 396w, https:\/\/blog.cancaonova.com\/paisecatequistas\/files\/2023\/06\/Captura-de-tela-2023-06-15-114855-209x300.jpg 209w\" sizes=\"(max-width: 396px) 100vw, 396px\" \/><\/a><\/p>\n<p>&nbsp;<\/p>\n<p><iframe class=\"wp-embedded-content\" sandbox=\"allow-scripts\" security=\"restricted\" style=\"position: absolute; clip: rect(1px, 1px, 1px, 1px);\" title=\"\u201cCapa do Portal\u201d \u2014 Capa do Portal\" src=\"https:\/\/www.cancaonova.com\/embed\/#?secret=4ZOLe3fMLB#?secret=VsGoBVyqXm&amp;rel=0\" data-secret=\"VsGoBVyqXm\" width=\"600\" height=\"338\" frameborder=\"0\" marginwidth=\"0\" marginheight=\"0\" scrolling=\"no\"><\/iframe><\/p>\n<p><iframe class=\"wp-embedded-content\" sandbox=\"allow-scripts\" security=\"restricted\" style=\"position: absolute; clip: rect(1px, 1px, 1px, 1px);\" title=\"\u201cCapa do Portal\u201d \u2014 Capa do Portal\" src=\"https:\/\/www.cancaonova.com\/embed\/#?secret=4ZOLe3fMLB#?secret=VsGoBVyqXm&amp;rel=0\" data-secret=\"VsGoBVyqXm\" width=\"600\" height=\"338\" frameborder=\"0\" marginwidth=\"0\" marginheight=\"0\" scrolling=\"no\"><\/iframe><\/p>\n<p>&nbsp;<\/p>\n","protected":false},"excerpt":{"rendered":"<p>Voc\u00ea j\u00e1 segue a gente?\u00a0@cancaonovakids\u00a0\u00e9 o nosso Instagram! Entre e participe com seus filhos ou catequizandos. Temos uma supernovidade para comemorarmos o Dia do Sagrado Cora\u00e7\u00e3o de Jesus, amanh\u00e3; e Dia do Imaculado Cora\u00e7\u00e3o de Maria, s\u00e1bado. Vamos deixar o&#8230;<\/p>\n","protected":false},"author":4340,"featured_media":14257,"comment_status":"open","ping_status":"open","sticky":false,"template":"","format":"standard","meta":{"_mi_skip_tracking":false,"_monsterinsights_sitenote_active":false,"_monsterinsights_sitenote_note":"","_monsterinsights_sitenote_category":0,"footnotes":""},"categories":[16089],"tags":[],"_links":{"self":[{"href":"https:\/\/blog.cancaonova.com\/paisecatequistas\/wp-json\/wp\/v2\/posts\/14242"}],"collection":[{"href":"https:\/\/blog.cancaonova.com\/paisecatequistas\/wp-json\/wp\/v2\/posts"}],"about":[{"href":"https:\/\/blog.cancaonova.com\/paisecatequistas\/wp-json\/wp\/v2\/types\/post"}],"author":[{"embeddable":true,"href":"https:\/\/blog.cancaonova.com\/paisecatequistas\/wp-json\/wp\/v2\/users\/4340"}],"replies":[{"embeddable":true,"href":"https:\/\/blog.cancaonova.com\/paisecatequistas\/wp-json\/wp\/v2\/comments?post=14242"}],"version-history":[{"count":16,"href":"https:\/\/blog.cancaonova.com\/paisecatequistas\/wp-json\/wp\/v2\/posts\/14242\/revisions"}],"predecessor-version":[{"id":14264,"href":"https:\/\/blog.cancaonova.com\/paisecatequistas\/wp-json\/wp\/v2\/posts\/14242\/revisions\/14264"}],"wp:featuredmedia":[{"embeddable":true,"href":"https:\/\/blog.cancaonova.com\/paisecatequistas\/wp-json\/wp\/v2\/media\/14257"}],"wp:attachment":[{"href":"https:\/\/blog.cancaonova.com\/paisecatequistas\/wp-json\/wp\/v2\/media?parent=14242"}],"wp:term":[{"taxonomy":"category","embeddable":true,"href":"https:\/\/blog.cancaonova.com\/paisecatequistas\/wp-json\/wp\/v2\/categories?post=14242"},{"taxonomy":"post_tag","embeddable":true,"href":"https:\/\/blog.cancaonova.com\/paisecatequistas\/wp-json\/wp\/v2\/tags?post=14242"}],"curies":[{"name":"wp","href":"https:\/\/api.w.org\/{rel}","templated":true}]}}