{"id":14301,"date":"2023-06-22T08:46:06","date_gmt":"2023-06-22T10:46:06","guid":{"rendered":"http:\/\/blog.cancaonova.com\/paisecatequistas\/?p=14301"},"modified":"2025-06-18T14:11:11","modified_gmt":"2025-06-18T16:11:11","slug":"sao-joao-batista","status":"publish","type":"post","link":"https:\/\/blog.cancaonova.com\/paisecatequistas\/sao-joao-batista\/","title":{"rendered":"Quem foi S\u00e3o Jo\u00e3o Batista?"},"content":{"rendered":"<p data-sourcepos=\"5:1-5:248\"><strong>Jo\u00e3o<\/strong>, do hebraico <strong><em>Yehokhanan<\/em><\/strong>, significa <em>&#8220;Deus concede a gra\u00e7a&#8221;<\/em>. Ele ficou conhecido como <strong>Batista<\/strong>, do grego <strong><em>Baptistas<\/em><\/strong> e <strong><em>baptites<\/em><\/strong>, que remete a &#8220;mergulhar&#8221; e &#8220;aquele que batiza&#8221;, apelido que ganhou por sua pr\u00e1tica de batizar as pessoas.<\/p>\n<p data-sourcepos=\"7:1-7:323\">S\u00e3o Jo\u00e3o Batista foi o <strong>\u00faltimo profeta a anunciar a vinda de Jesus Cristo<\/strong>. Primo de Jesus e filho de Santa Isabel (prima da Virgem Maria), ele nasceu seis meses antes de Jesus. As escrituras antigas j\u00e1 profetizavam a chegada de dois grandes homens: o primeiro, Jo\u00e3o Batista, prepararia o caminho para o segundo, Jesus.<\/p>\n<h3 data-sourcepos=\"11:1-11:50\"><strong>A Prega\u00e7\u00e3o no Deserto e a Chegada do Reino<\/strong><\/h3>\n<p data-sourcepos=\"13:1-13:304\">Jo\u00e3o Batista iniciou sua vida de prega\u00e7\u00e3o no deserto da Judeia com uma mensagem poderosa: <strong>\u201cConvertei-vos, pois o Reino de Deus est\u00e1 pr\u00f3ximo!\u201d<\/strong> Ele conclamava o povo a mudar de vida, arrepender-se de seus pecados e ser batizado na \u00e1gua para a purifica\u00e7\u00e3o, preparando-se assim para a chegada do Messias.<\/p>\n<h3 data-sourcepos=\"17:1-17:48\"><strong>O Batismo de Jesus e a Humildade de Jo\u00e3o<\/strong><\/h3>\n<p data-sourcepos=\"19:1-19:212\">Quando Jesus completou 30 anos, procurou Jo\u00e3o para ser batizado. Jo\u00e3o, surpreso, expressou sua indignidade: &#8220;N\u00e3o sou digno, o Senhor \u00e9 que deveria me batizar&#8221;. Contudo, Jesus insistiu, pois era a vontade de Deus.<\/p>\n<p data-sourcepos=\"21:1-21:466\">Ap\u00f3s o batismo, Jo\u00e3o orientou seus numerosos disc\u00edpulos a seguir Jesus. Muitos questionavam se ele era o Messias esperado, mas Jo\u00e3o, com grande humildade, respondia: <strong>\u201cEu n\u00e3o sou digno de lhe desatar a correia das sand\u00e1lias; eu vos batizo na \u00e1gua, Ele vos batizar\u00e1 no Esp\u00edrito Santo. Que Ele cres\u00e7a e eu diminua\u201d<\/strong> (Lucas 3, 15 e Jo\u00e3o 3, 30). A miss\u00e3o de S\u00e3o Jo\u00e3o Batista era clara: anunciar o Messias que estava para vir, e ele cumpriu isso falando sempre a verdade.<\/p>\n<h3 data-sourcepos=\"25:1-25:49\"><strong>O Mart\u00edrio e o Legado de S\u00e3o Jo\u00e3o Batista<\/strong><\/h3>\n<p data-sourcepos=\"27:1-27:125\">Essa fidelidade \u00e0 verdade foi a causa de sua morte. Jo\u00e3o foi <strong>decapitado pelo Rei Herodes<\/strong>, a quem denunciou por um pecado.<\/p>\n<p data-sourcepos=\"29:1-29:177\">Que S\u00e3o Jo\u00e3o Batista interceda por cada um de n\u00f3s, inspirando-nos a anunciar a <strong>segunda vinda de Jesus<\/strong> e a viver uma vida santa, falando e vivendo a Verdade enquanto O esperamos.<\/p>\n<p data-sourcepos=\"31:1-31:36\"><strong>S\u00e3o Jo\u00e3o Batista, rogai por n\u00f3s!<\/strong><\/p>\n<ul>\n<li>\n<h5><a href=\"https:\/\/blog.cancaonova.com\/paisecatequistas\/2023\/06\/20\/linha-tempo-sao-joao-batista\/\">Linha do tempo da\u00a0 vida de S\u00e3o Jo\u00e3o Batista<\/a><\/h5>\n<\/li>\n<\/ul>\n<p><sup><a href=\"http:\/\/blog.cancaonova.com\/paisecatequistas\/files\/2023\/06\/sjoao.jpg\"><img loading=\"lazy\" decoding=\"async\" class=\"wp-image-14302 alignnone\" src=\"http:\/\/blog.cancaonova.com\/paisecatequistas\/files\/2023\/06\/sjoao.jpg\" alt=\"\" width=\"926\" height=\"1310\" srcset=\"https:\/\/blog.cancaonova.com\/paisecatequistas\/files\/2023\/06\/sjoao.jpg 1414w, https:\/\/blog.cancaonova.com\/paisecatequistas\/files\/2023\/06\/sjoao-212x300.jpg 212w, https:\/\/blog.cancaonova.com\/paisecatequistas\/files\/2023\/06\/sjoao-768x1086.jpg 768w\" sizes=\"(max-width: 926px) 100vw, 926px\" \/><\/a><\/sup><\/p>\n<p>Vamos Colorir<\/p>\n<p><a href=\"https:\/\/blog.cancaonova.com\/paisecatequistas\/files\/2023\/06\/s%C3%A3o-joao-batista.pdf\"><img loading=\"lazy\" decoding=\"async\" class=\"wp-image-14305 alignnone\" src=\"http:\/\/blog.cancaonova.com\/paisecatequistas\/files\/2023\/06\/S\u00e3o-Jo\u00e3o-Batista-Batismo-Rio-Jord\u00e3o-Batizado.jpg\" alt=\"\" width=\"1069\" height=\"1102\" srcset=\"https:\/\/blog.cancaonova.com\/paisecatequistas\/files\/2023\/06\/S\u00e3o-Jo\u00e3o-Batista-Batismo-Rio-Jord\u00e3o-Batizado.jpg 3551w, https:\/\/blog.cancaonova.com\/paisecatequistas\/files\/2023\/06\/S\u00e3o-Jo\u00e3o-Batista-Batismo-Rio-Jord\u00e3o-Batizado-291x300.jpg 291w, https:\/\/blog.cancaonova.com\/paisecatequistas\/files\/2023\/06\/S\u00e3o-Jo\u00e3o-Batista-Batismo-Rio-Jord\u00e3o-Batizado-768x792.jpg 768w\" sizes=\"(max-width: 1069px) 100vw, 1069px\" \/><\/a><\/p>\n","protected":false},"excerpt":{"rendered":"<p>Jo\u00e3o, do Hebraico Yehokhanan = Deus concede a gra\u00e7a<\/p>\n<p>Batista, do Grego Baptistas e baptites = mergulhar, aquele que batiza (apelido que Jo\u00e3o ganhou por ele batizar as pessoas).<\/p>\n<p>S\u00e3o Jo\u00e3o Batista foi o \u00faltimo profeta a anunciar a vinda de Jesus. Ele tinha a mesma idade que Jesus, nasceu 6 meses antes. Sua m\u00e3e \u00e9 Santa Isabel, prima da Virgem Maria.<\/p>\n<p>Nas escrituras antigas j\u00e1 diziam que viriam dois grandes homens, o primeiro iria preparar o caminho para o Senhor, o segundo homem, ou seja, Jo\u00e3o Batista e Jesus.<br \/>\n <a href=\"https:\/\/blog.cancaonova.com\/paisecatequistas\/sao-joao-batista\/\">Continue lendo <span class=\"meta-nav\">&rarr;<\/span><\/a><\/p>\n","protected":false},"author":4340,"featured_media":17544,"comment_status":"closed","ping_status":"closed","sticky":false,"template":"","format":"standard","meta":{"_mi_skip_tracking":false,"_monsterinsights_sitenote_active":false,"_monsterinsights_sitenote_note":"","_monsterinsights_sitenote_category":0,"footnotes":""},"categories":[200710],"tags":[],"_links":{"self":[{"href":"https:\/\/blog.cancaonova.com\/paisecatequistas\/wp-json\/wp\/v2\/posts\/14301"}],"collection":[{"href":"https:\/\/blog.cancaonova.com\/paisecatequistas\/wp-json\/wp\/v2\/posts"}],"about":[{"href":"https:\/\/blog.cancaonova.com\/paisecatequistas\/wp-json\/wp\/v2\/types\/post"}],"author":[{"embeddable":true,"href":"https:\/\/blog.cancaonova.com\/paisecatequistas\/wp-json\/wp\/v2\/users\/4340"}],"replies":[{"embeddable":true,"href":"https:\/\/blog.cancaonova.com\/paisecatequistas\/wp-json\/wp\/v2\/comments?post=14301"}],"version-history":[{"count":9,"href":"https:\/\/blog.cancaonova.com\/paisecatequistas\/wp-json\/wp\/v2\/posts\/14301\/revisions"}],"predecessor-version":[{"id":19140,"href":"https:\/\/blog.cancaonova.com\/paisecatequistas\/wp-json\/wp\/v2\/posts\/14301\/revisions\/19140"}],"wp:featuredmedia":[{"embeddable":true,"href":"https:\/\/blog.cancaonova.com\/paisecatequistas\/wp-json\/wp\/v2\/media\/17544"}],"wp:attachment":[{"href":"https:\/\/blog.cancaonova.com\/paisecatequistas\/wp-json\/wp\/v2\/media?parent=14301"}],"wp:term":[{"taxonomy":"category","embeddable":true,"href":"https:\/\/blog.cancaonova.com\/paisecatequistas\/wp-json\/wp\/v2\/categories?post=14301"},{"taxonomy":"post_tag","embeddable":true,"href":"https:\/\/blog.cancaonova.com\/paisecatequistas\/wp-json\/wp\/v2\/tags?post=14301"}],"curies":[{"name":"wp","href":"https:\/\/api.w.org\/{rel}","templated":true}]}}