{"id":14324,"date":"2023-06-22T13:47:15","date_gmt":"2023-06-22T15:47:15","guid":{"rendered":"http:\/\/blog.cancaonova.com\/paisecatequistas\/?p=14324"},"modified":"2023-07-25T14:28:40","modified_gmt":"2023-07-25T16:28:40","slug":"14324","status":"publish","type":"post","link":"https:\/\/blog.cancaonova.com\/paisecatequistas\/14324\/","title":{"rendered":"Vamos cantar?"},"content":{"rendered":"<p>Vamos aprender e cantar essa linda m\u00fasica interpretada por padre Jonas Abib?<\/p>\n<p><a href=\"http:\/\/blog.cancaonova.com\/paisecatequistas\/files\/2023\/06\/musica.jpg\"><img loading=\"lazy\" decoding=\"async\" class=\"wp-image-14325 alignnone\" src=\"http:\/\/blog.cancaonova.com\/paisecatequistas\/files\/2023\/06\/musica.jpg\" alt=\"\" width=\"1095\" height=\"840\" srcset=\"https:\/\/blog.cancaonova.com\/paisecatequistas\/files\/2023\/06\/musica.jpg 3307w, https:\/\/blog.cancaonova.com\/paisecatequistas\/files\/2023\/06\/musica-300x230.jpg 300w, https:\/\/blog.cancaonova.com\/paisecatequistas\/files\/2023\/06\/musica-768x590.jpg 768w\" sizes=\"(max-width: 1095px) 100vw, 1095px\" \/><\/a><\/p>\n<p>Voc\u00ea tamb\u00e9m pode imprimir, recortar e brincar. \u00c9 s\u00f3 clicar e fazer o download do PDF.<\/p>\n<p><a href=\"https:\/\/blog.cancaonova.com\/paisecatequistas\/files\/2023\/06\/atividade.pdf\"><img loading=\"lazy\" decoding=\"async\" class=\"wp-image-14326 alignnone\" src=\"http:\/\/blog.cancaonova.com\/paisecatequistas\/files\/2023\/06\/atividade.jpg\" alt=\"\" width=\"1098\" height=\"843\" srcset=\"https:\/\/blog.cancaonova.com\/paisecatequistas\/files\/2023\/06\/atividade.jpg 3307w, https:\/\/blog.cancaonova.com\/paisecatequistas\/files\/2023\/06\/atividade-300x230.jpg 300w, https:\/\/blog.cancaonova.com\/paisecatequistas\/files\/2023\/06\/atividade-768x590.jpg 768w\" sizes=\"(max-width: 1098px) 100vw, 1098px\" \/><\/a> <a href=\"https:\/\/blog.cancaonova.com\/paisecatequistas\/files\/2023\/06\/atividade.pdf\"><img loading=\"lazy\" decoding=\"async\" class=\" wp-image-14327 alignnone\" src=\"http:\/\/blog.cancaonova.com\/paisecatequistas\/files\/2023\/06\/vamos-colorir.jpg\" alt=\"\" width=\"1096\" height=\"1682\" srcset=\"https:\/\/blog.cancaonova.com\/paisecatequistas\/files\/2023\/06\/vamos-colorir.jpg 1654w, https:\/\/blog.cancaonova.com\/paisecatequistas\/files\/2023\/06\/vamos-colorir-195x300.jpg 195w, https:\/\/blog.cancaonova.com\/paisecatequistas\/files\/2023\/06\/vamos-colorir-768x1179.jpg 768w\" sizes=\"(max-width: 1096px) 100vw, 1096px\" \/><\/a><\/p>\n","protected":false},"excerpt":{"rendered":"<p>Vamos aprender e cantar essa linda m\u00fasica interpretada por padre Jonas Abib? Voc\u00ea tamb\u00e9m pode imprimir, recortar e brincar. \u00c9 s\u00f3 clicar e fazer o download do PDF.<\/p>\n","protected":false},"author":4340,"featured_media":14304,"comment_status":"open","ping_status":"open","sticky":false,"template":"","format":"standard","meta":{"_mi_skip_tracking":false,"_monsterinsights_sitenote_active":false,"_monsterinsights_sitenote_note":"","_monsterinsights_sitenote_category":0,"footnotes":""},"categories":[1],"tags":[],"_links":{"self":[{"href":"https:\/\/blog.cancaonova.com\/paisecatequistas\/wp-json\/wp\/v2\/posts\/14324"}],"collection":[{"href":"https:\/\/blog.cancaonova.com\/paisecatequistas\/wp-json\/wp\/v2\/posts"}],"about":[{"href":"https:\/\/blog.cancaonova.com\/paisecatequistas\/wp-json\/wp\/v2\/types\/post"}],"author":[{"embeddable":true,"href":"https:\/\/blog.cancaonova.com\/paisecatequistas\/wp-json\/wp\/v2\/users\/4340"}],"replies":[{"embeddable":true,"href":"https:\/\/blog.cancaonova.com\/paisecatequistas\/wp-json\/wp\/v2\/comments?post=14324"}],"version-history":[{"count":4,"href":"https:\/\/blog.cancaonova.com\/paisecatequistas\/wp-json\/wp\/v2\/posts\/14324\/revisions"}],"predecessor-version":[{"id":14335,"href":"https:\/\/blog.cancaonova.com\/paisecatequistas\/wp-json\/wp\/v2\/posts\/14324\/revisions\/14335"}],"wp:featuredmedia":[{"embeddable":true,"href":"https:\/\/blog.cancaonova.com\/paisecatequistas\/wp-json\/wp\/v2\/media\/14304"}],"wp:attachment":[{"href":"https:\/\/blog.cancaonova.com\/paisecatequistas\/wp-json\/wp\/v2\/media?parent=14324"}],"wp:term":[{"taxonomy":"category","embeddable":true,"href":"https:\/\/blog.cancaonova.com\/paisecatequistas\/wp-json\/wp\/v2\/categories?post=14324"},{"taxonomy":"post_tag","embeddable":true,"href":"https:\/\/blog.cancaonova.com\/paisecatequistas\/wp-json\/wp\/v2\/tags?post=14324"}],"curies":[{"name":"wp","href":"https:\/\/api.w.org\/{rel}","templated":true}]}}