{"id":14365,"date":"2023-06-26T13:04:48","date_gmt":"2023-06-26T15:04:48","guid":{"rendered":"http:\/\/blog.cancaonova.com\/paisecatequistas\/?p=14365"},"modified":"2024-06-24T15:05:53","modified_gmt":"2024-06-24T17:05:53","slug":"sao-pedro-e-sao-paulo-colunas-da-igreja-2","status":"publish","type":"post","link":"https:\/\/blog.cancaonova.com\/paisecatequistas\/sao-pedro-e-sao-paulo-colunas-da-igreja-2\/","title":{"rendered":"Colunas da Igreja"},"content":{"rendered":"<p><strong>Pedro &#8211;\u00a0 Pedra<br \/>\n<\/strong><strong>Paulo &#8211;\u00a0 Pequeno<\/strong><\/p>\n<p>Voc\u00ea j\u00e1 ouviu falar dos Ap\u00f3stolos Pedro e Paulo? Eles s\u00e3o duas pessoas muito importantes na hist\u00f3ria da Igreja Cat\u00f3lica.<\/p>\n<p>S\u00e3o Pedro era um pescador, irm\u00e3o de Andr\u00e9, e os dois foram chamados por Jesus para serem parte de Seus 12 Ap\u00f3stolos. Seu nome era Sim\u00e3o, mas Jesus mudou para Pedro, pois significa pedra, e Pedro \u00e9 a pedra que deu in\u00edcio a nossa Igreja. Pedro foi o primeiro Papa.<\/p>\n<p>&#8220;E eu te declaro: tu \u00e9s Pedro, e sobre esta pedra edificarei a minha Igreja&#8221; (MT 16,18).<\/p>\n<p><a href=\"http:\/\/blog.cancaonova.com\/paisecatequistas\/files\/2023\/06\/\u00e7p.png\"><img loading=\"lazy\" decoding=\"async\" class=\"wp-image-14373 alignnone\" src=\"http:\/\/blog.cancaonova.com\/paisecatequistas\/files\/2023\/06\/\u00e7p.png\" alt=\"\" width=\"831\" height=\"408\" srcset=\"https:\/\/blog.cancaonova.com\/paisecatequistas\/files\/2023\/06\/\u00e7p.png 1538w, https:\/\/blog.cancaonova.com\/paisecatequistas\/files\/2023\/06\/\u00e7p-300x147.png 300w, https:\/\/blog.cancaonova.com\/paisecatequistas\/files\/2023\/06\/\u00e7p-768x377.png 768w, https:\/\/blog.cancaonova.com\/paisecatequistas\/files\/2023\/06\/\u00e7p-150x75.png 150w, https:\/\/blog.cancaonova.com\/paisecatequistas\/files\/2023\/06\/\u00e7p-1536x755.png 1536w\" sizes=\"(max-width: 831px) 100vw, 831px\" \/><\/a><\/p>\n<p>S\u00e3o Paulo era perseguidor dos crist\u00e3os, mas teve um encontro com Jesus depois da Paix\u00e3o de Cristo. Ele se converteu, tornou-se um grande pregador do Evangelho e fundou v\u00e1rias comunidades crist\u00e3s.\u00a0Por conta disso, ele foi muito perseguido. Ele escreveu v\u00e1rias cartas para essas comunidades, e elas est\u00e3o na B\u00edblia no Novo Testamento.<\/p>\n<p><a href=\"http:\/\/blog.cancaonova.com\/paisecatequistas\/files\/2023\/06\/s\u00e1opedro-esaopaulo-1.png\"><img loading=\"lazy\" decoding=\"async\" class=\" wp-image-14372 alignnone\" src=\"http:\/\/blog.cancaonova.com\/paisecatequistas\/files\/2023\/06\/s\u00e1opedro-esaopaulo-1.png\" alt=\"\" width=\"803\" height=\"822\" srcset=\"https:\/\/blog.cancaonova.com\/paisecatequistas\/files\/2023\/06\/s\u00e1opedro-esaopaulo-1.png 1180w, https:\/\/blog.cancaonova.com\/paisecatequistas\/files\/2023\/06\/s\u00e1opedro-esaopaulo-1-293x300.png 293w, https:\/\/blog.cancaonova.com\/paisecatequistas\/files\/2023\/06\/s\u00e1opedro-esaopaulo-1-768x786.png 768w\" sizes=\"(max-width: 803px) 100vw, 803px\" \/><\/a><\/p>\n<p>Os dois s\u00e3o considerados Pilares da Igreja porque foram os l\u00edderes principais no in\u00edcio de tudo. Eles foram muito corajosos e gastaram a vida inteira para fazer Jesus conhecido. Eles foram mortos em Roma. S\u00e3o Pedro no ano 64 d.C., crucificado de ponta cabe\u00e7a, porque ele n\u00e3o se sentia digno de morrer do mesmo jeito que Jesus. E S\u00e3o Paulo morreu em 67 d.C.<\/p>\n<p><a href=\"http:\/\/blog.cancaonova.com\/paisecatequistas\/files\/2023\/06\/paulo.png\"><img loading=\"lazy\" decoding=\"async\" class=\"size-full wp-image-14374 alignnone\" src=\"http:\/\/blog.cancaonova.com\/paisecatequistas\/files\/2023\/06\/paulo.png\" alt=\"\" width=\"718\" height=\"756\" srcset=\"https:\/\/blog.cancaonova.com\/paisecatequistas\/files\/2023\/06\/paulo.png 718w, https:\/\/blog.cancaonova.com\/paisecatequistas\/files\/2023\/06\/paulo-285x300.png 285w\" sizes=\"(max-width: 718px) 100vw, 718px\" \/><\/a><\/p>\n<p>Assim como S\u00e3o Pedro e S\u00e3o Paulo, vamos ser corajosos e levar a Palavra de Jesus para mais pessoas?<\/p>\n<p><a href=\"http:\/\/blog.cancaonova.com\/paisecatequistas\/files\/2023\/06\/igeja.png\"><img loading=\"lazy\" decoding=\"async\" class=\"wp-image-14375 alignnone\" src=\"http:\/\/blog.cancaonova.com\/paisecatequistas\/files\/2023\/06\/igeja.png\" alt=\"\" width=\"738\" height=\"734\" srcset=\"https:\/\/blog.cancaonova.com\/paisecatequistas\/files\/2023\/06\/igeja.png 1276w, https:\/\/blog.cancaonova.com\/paisecatequistas\/files\/2023\/06\/igeja-150x150.png 150w, https:\/\/blog.cancaonova.com\/paisecatequistas\/files\/2023\/06\/igeja-300x298.png 300w, https:\/\/blog.cancaonova.com\/paisecatequistas\/files\/2023\/06\/igeja-768x764.png 768w\" sizes=\"(max-width: 738px) 100vw, 738px\" \/><\/a><\/p>\n<ul>\n<li><a href=\"https:\/\/blog.cancaonova.com\/paisecatequistas\/2023\/06\/26\/pedro-e-paulo-transformados-pelo-amor-de-jesus-cristo\/\">Pedro e Paulo &#8211; Transformados pelo Amor de Jesus<\/a><\/li>\n<\/ul>\n","protected":false},"excerpt":{"rendered":"<p>Pedro &#8211;\u00a0 Pedra Paulo &#8211;\u00a0 Pequeno Voc\u00ea j\u00e1 ouviu falar dos Ap\u00f3stolos Pedro e Paulo? Eles s\u00e3o duas pessoas muito importantes na hist\u00f3ria da Igreja Cat\u00f3lica. S\u00e3o Pedro era um pescador, irm\u00e3o de Andr\u00e9, e os dois foram chamados por&#8230;<\/p>\n","protected":false},"author":4340,"featured_media":17561,"comment_status":"open","ping_status":"open","sticky":false,"template":"","format":"standard","meta":{"_mi_skip_tracking":false,"_monsterinsights_sitenote_active":false,"_monsterinsights_sitenote_note":"","_monsterinsights_sitenote_category":0,"footnotes":""},"categories":[200710],"tags":[38,17235,75837,32,221,16476,19677],"_links":{"self":[{"href":"https:\/\/blog.cancaonova.com\/paisecatequistas\/wp-json\/wp\/v2\/posts\/14365"}],"collection":[{"href":"https:\/\/blog.cancaonova.com\/paisecatequistas\/wp-json\/wp\/v2\/posts"}],"about":[{"href":"https:\/\/blog.cancaonova.com\/paisecatequistas\/wp-json\/wp\/v2\/types\/post"}],"author":[{"embeddable":true,"href":"https:\/\/blog.cancaonova.com\/paisecatequistas\/wp-json\/wp\/v2\/users\/4340"}],"replies":[{"embeddable":true,"href":"https:\/\/blog.cancaonova.com\/paisecatequistas\/wp-json\/wp\/v2\/comments?post=14365"}],"version-history":[{"count":9,"href":"https:\/\/blog.cancaonova.com\/paisecatequistas\/wp-json\/wp\/v2\/posts\/14365\/revisions"}],"predecessor-version":[{"id":17558,"href":"https:\/\/blog.cancaonova.com\/paisecatequistas\/wp-json\/wp\/v2\/posts\/14365\/revisions\/17558"}],"wp:featuredmedia":[{"embeddable":true,"href":"https:\/\/blog.cancaonova.com\/paisecatequistas\/wp-json\/wp\/v2\/media\/17561"}],"wp:attachment":[{"href":"https:\/\/blog.cancaonova.com\/paisecatequistas\/wp-json\/wp\/v2\/media?parent=14365"}],"wp:term":[{"taxonomy":"category","embeddable":true,"href":"https:\/\/blog.cancaonova.com\/paisecatequistas\/wp-json\/wp\/v2\/categories?post=14365"},{"taxonomy":"post_tag","embeddable":true,"href":"https:\/\/blog.cancaonova.com\/paisecatequistas\/wp-json\/wp\/v2\/tags?post=14365"}],"curies":[{"name":"wp","href":"https:\/\/api.w.org\/{rel}","templated":true}]}}