{"id":14382,"date":"2023-06-26T16:19:49","date_gmt":"2023-06-26T18:19:49","guid":{"rendered":"http:\/\/blog.cancaonova.com\/paisecatequistas\/?p=14382"},"modified":"2023-06-26T17:00:48","modified_gmt":"2023-06-26T19:00:48","slug":"pedro-e-paulo-transformados-pelo-amor-de-jesus-cristo","status":"publish","type":"post","link":"https:\/\/blog.cancaonova.com\/paisecatequistas\/pedro-e-paulo-transformados-pelo-amor-de-jesus-cristo\/","title":{"rendered":"Pedro e Paulo - Transformados pelo Amor de Jesus Cristo"},"content":{"rendered":"<p>Desde muito, muito tempo atr\u00e1s, a Igreja de Roma celebra, no mesmo dia, os ap\u00f3stolos Pedro e Paulo.<\/p>\n<p>A f\u00e9 em Jesus fez com que eles se tornassem irm\u00e3os. S\u00e3o Pedro e S\u00e3o Paulo s\u00e3o muito diferentes um do outro, mas foram chamados pelo Senhor pessoalmente, e responderam oferecendo toda a sua vida. Ambos pecadores: Pedro negou Jesus tr\u00eas vezes; Paulo perseguia os crist\u00e3os. Mas o amor, a miseric\u00f3rdia e a gra\u00e7a de Deus os transformou!<\/p>\n<p>Sim\u00e3o passou a ser Pedro. Saulo passou a ser Paulo. Tornaram-se ap\u00f3stolos e amigos de Jesus, continuando a miss\u00e3o que tinham iniciado com Ele em vida: levar a Boa Nova para as pessoas! Com muita f\u00e9 no amor de Jesus Cristo, anunciaram o Evangelho em Roma, onde, no tempo do imperador Nero, sofreram o mart\u00edrio, morrendo por amor a Jesus.<a href=\"http:\/\/blog.cancaonova.com\/paisecatequistas\/files\/2023\/06\/Jesus2-1.jpg\"><img loading=\"lazy\" decoding=\"async\" class=\"size-full wp-image-14383 alignnone\" src=\"http:\/\/blog.cancaonova.com\/paisecatequistas\/files\/2023\/06\/Jesus2-1.jpg\" alt=\"\" width=\"900\" height=\"600\" srcset=\"https:\/\/blog.cancaonova.com\/paisecatequistas\/files\/2023\/06\/Jesus2-1.jpg 900w, https:\/\/blog.cancaonova.com\/paisecatequistas\/files\/2023\/06\/Jesus2-1-300x200.jpg 300w, https:\/\/blog.cancaonova.com\/paisecatequistas\/files\/2023\/06\/Jesus2-1-768x512.jpg 768w\" sizes=\"(max-width: 900px) 100vw, 900px\" \/><\/a><\/p>\n","protected":false},"excerpt":{"rendered":"<p>Desde muito, muito tempo atr\u00e1s a Igreja de Roma celebra no mesmo dia, os ap\u00f3stolos Pedro e Paulo.<br \/>\n <a href=\"https:\/\/blog.cancaonova.com\/paisecatequistas\/pedro-e-paulo-transformados-pelo-amor-de-jesus-cristo\/\">Continue lendo <span class=\"meta-nav\">&rarr;<\/span><\/a><\/p>\n","protected":false},"author":4340,"featured_media":14384,"comment_status":"open","ping_status":"open","sticky":false,"template":"","format":"standard","meta":{"_mi_skip_tracking":false,"_monsterinsights_sitenote_active":false,"_monsterinsights_sitenote_note":"","_monsterinsights_sitenote_category":0,"footnotes":""},"categories":[1],"tags":[],"_links":{"self":[{"href":"https:\/\/blog.cancaonova.com\/paisecatequistas\/wp-json\/wp\/v2\/posts\/14382"}],"collection":[{"href":"https:\/\/blog.cancaonova.com\/paisecatequistas\/wp-json\/wp\/v2\/posts"}],"about":[{"href":"https:\/\/blog.cancaonova.com\/paisecatequistas\/wp-json\/wp\/v2\/types\/post"}],"author":[{"embeddable":true,"href":"https:\/\/blog.cancaonova.com\/paisecatequistas\/wp-json\/wp\/v2\/users\/4340"}],"replies":[{"embeddable":true,"href":"https:\/\/blog.cancaonova.com\/paisecatequistas\/wp-json\/wp\/v2\/comments?post=14382"}],"version-history":[{"count":3,"href":"https:\/\/blog.cancaonova.com\/paisecatequistas\/wp-json\/wp\/v2\/posts\/14382\/revisions"}],"predecessor-version":[{"id":14387,"href":"https:\/\/blog.cancaonova.com\/paisecatequistas\/wp-json\/wp\/v2\/posts\/14382\/revisions\/14387"}],"wp:featuredmedia":[{"embeddable":true,"href":"https:\/\/blog.cancaonova.com\/paisecatequistas\/wp-json\/wp\/v2\/media\/14384"}],"wp:attachment":[{"href":"https:\/\/blog.cancaonova.com\/paisecatequistas\/wp-json\/wp\/v2\/media?parent=14382"}],"wp:term":[{"taxonomy":"category","embeddable":true,"href":"https:\/\/blog.cancaonova.com\/paisecatequistas\/wp-json\/wp\/v2\/categories?post=14382"},{"taxonomy":"post_tag","embeddable":true,"href":"https:\/\/blog.cancaonova.com\/paisecatequistas\/wp-json\/wp\/v2\/tags?post=14382"}],"curies":[{"name":"wp","href":"https:\/\/api.w.org\/{rel}","templated":true}]}}