{"id":14390,"date":"2023-06-27T09:27:45","date_gmt":"2023-06-27T11:27:45","guid":{"rendered":"http:\/\/blog.cancaonova.com\/paisecatequistas\/?p=14390"},"modified":"2024-06-07T09:01:01","modified_gmt":"2024-06-07T11:01:01","slug":"herois-da-fe-os-livros-queimados","status":"publish","type":"post","link":"https:\/\/blog.cancaonova.com\/paisecatequistas\/herois-da-fe-os-livros-queimados\/","title":{"rendered":"Her\u00f3is da F\u00e9 - Os livros queimados!"},"content":{"rendered":"<p>Voc\u00ea j\u00e1 conhece os &#8220;Her\u00f3is da F\u00e9&#8221;? Eles se tornam her\u00f3is pelos Dons do Esp\u00edrito Santo agindo neles pela gra\u00e7a de Deus para vencer o pecado e todo o mal que ele produz.<\/p>\n<p>Essa turminha \u00e9 superlegal e animada! Eles enfrentam um terr\u00edvel vil\u00e3o: o Pirata Distra\u00e7\u00e3o, que n\u00e3o conhece o amor de Deus e por isso arruma muitas confus\u00f5es tentando roubar das crian\u00e7as a alegria de serem de Deus.<\/p>\n<p>Mas, com estas crian\u00e7as, o Pirata Distra\u00e7\u00e3o n\u00e3o tem a menor chance.<\/p>\n<p><iframe loading=\"lazy\" title=\"Her\u00c3\u00b3is do Esp\u00c3\u00adrito Santo  - Os livros queimados\" width=\"600\" height=\"338\" src=\"https:\/\/www.youtube.com\/embed\/SBUnkbIv7b8?feature=oembed&amp;rel=0\" frameborder=\"0\" allow=\"accelerometer; autoplay; clipboard-write; encrypted-media; gyroscope; picture-in-picture; web-share\" referrerpolicy=\"strict-origin-when-cross-origin\" allowfullscreen><\/iframe><\/p>\n","protected":false},"excerpt":{"rendered":"<p>Voc\u00ea j\u00e1 conhece os &#8220;Her\u00f3is do Esp\u00edrito Santo&#8221;? Eles se tornam Her\u00f3is pelos Dons do Esp\u00edrito Santo agindo neles pela gra\u00e7a de Deus para vencer o pecado e todo o mal que ele produz.\u00a0<\/p>\n<p>Essa turminha \u00e9 super legal e animada e enfrentam um terr\u00edvel vil\u00e3o: o Pirata Distra\u00e7\u00e3o, que n\u00e3o conhece o amor de Deus e por isso arruma muitas confus\u00f5es.<\/p>\n<p> <a href=\"https:\/\/blog.cancaonova.com\/paisecatequistas\/herois-da-fe-os-livros-queimados\/\">Continue lendo <span class=\"meta-nav\">&rarr;<\/span><\/a><\/p>\n","protected":false},"author":4340,"featured_media":17504,"comment_status":"open","ping_status":"open","sticky":false,"template":"","format":"standard","meta":{"_mi_skip_tracking":false,"_monsterinsights_sitenote_active":false,"_monsterinsights_sitenote_note":"","_monsterinsights_sitenote_category":0,"footnotes":""},"categories":[200710],"tags":[16595,56542,5721,2551,139778,18306,5881,219085],"_links":{"self":[{"href":"https:\/\/blog.cancaonova.com\/paisecatequistas\/wp-json\/wp\/v2\/posts\/14390"}],"collection":[{"href":"https:\/\/blog.cancaonova.com\/paisecatequistas\/wp-json\/wp\/v2\/posts"}],"about":[{"href":"https:\/\/blog.cancaonova.com\/paisecatequistas\/wp-json\/wp\/v2\/types\/post"}],"author":[{"embeddable":true,"href":"https:\/\/blog.cancaonova.com\/paisecatequistas\/wp-json\/wp\/v2\/users\/4340"}],"replies":[{"embeddable":true,"href":"https:\/\/blog.cancaonova.com\/paisecatequistas\/wp-json\/wp\/v2\/comments?post=14390"}],"version-history":[{"count":5,"href":"https:\/\/blog.cancaonova.com\/paisecatequistas\/wp-json\/wp\/v2\/posts\/14390\/revisions"}],"predecessor-version":[{"id":14397,"href":"https:\/\/blog.cancaonova.com\/paisecatequistas\/wp-json\/wp\/v2\/posts\/14390\/revisions\/14397"}],"wp:featuredmedia":[{"embeddable":true,"href":"https:\/\/blog.cancaonova.com\/paisecatequistas\/wp-json\/wp\/v2\/media\/17504"}],"wp:attachment":[{"href":"https:\/\/blog.cancaonova.com\/paisecatequistas\/wp-json\/wp\/v2\/media?parent=14390"}],"wp:term":[{"taxonomy":"category","embeddable":true,"href":"https:\/\/blog.cancaonova.com\/paisecatequistas\/wp-json\/wp\/v2\/categories?post=14390"},{"taxonomy":"post_tag","embeddable":true,"href":"https:\/\/blog.cancaonova.com\/paisecatequistas\/wp-json\/wp\/v2\/tags?post=14390"}],"curies":[{"name":"wp","href":"https:\/\/api.w.org\/{rel}","templated":true}]}}