{"id":14408,"date":"2023-07-01T00:00:40","date_gmt":"2023-07-01T02:00:40","guid":{"rendered":"http:\/\/blog.cancaonova.com\/paisecatequistas\/?p=14408"},"modified":"2023-06-28T15:57:47","modified_gmt":"2023-06-28T17:57:47","slug":"proteja-nos-com-seu-manto","status":"publish","type":"post","link":"https:\/\/blog.cancaonova.com\/paisecatequistas\/proteja-nos-com-seu-manto\/","title":{"rendered":"Proteja-nos com seu manto!"},"content":{"rendered":"<p>Chuva forte, raios, trov\u00f5es e apag\u00e3o. O Clubinho do Jonas vai viver isso e aprender que h\u00e1 um <em>&#8220;manto&#8221;<\/em> que nos cobre sempre com seu amor. <strong>Clique<\/strong> para continuar lendo.<\/p>\n<p><a href=\"https:\/\/blog.cancaonova.com\/paisecatequistas\/files\/2023\/06\/capa-do-hq-compactado.pdf\"><img loading=\"lazy\" decoding=\"async\" class=\"wp-image-14410 alignnone\" src=\"http:\/\/blog.cancaonova.com\/paisecatequistas\/files\/2023\/06\/capa-do-hq-1.jpg\" alt=\"\" width=\"1128\" height=\"1595\" srcset=\"https:\/\/blog.cancaonova.com\/paisecatequistas\/files\/2023\/06\/capa-do-hq-1.jpg 1414w, https:\/\/blog.cancaonova.com\/paisecatequistas\/files\/2023\/06\/capa-do-hq-1-212x300.jpg 212w, https:\/\/blog.cancaonova.com\/paisecatequistas\/files\/2023\/06\/capa-do-hq-1-768x1086.jpg 768w\" sizes=\"(max-width: 1128px) 100vw, 1128px\" \/><\/a><\/p>\n<p>&nbsp;<\/p>\n","protected":false},"excerpt":{"rendered":"<p>Chuva forte, raios, trov\u00f5es e apag\u00e3o. O Clubinho do Jonas vai viver isso e aprender que h\u00e1 um &#8220;manto&#8221; que nos cobre sempre com seu amor. Clique para continuar lendo <a href=\"https:\/\/blog.cancaonova.com\/paisecatequistas\/proteja-nos-com-seu-manto\/\">Continue lendo <span class=\"meta-nav\">&rarr;<\/span><\/a><\/p>\n","protected":false},"author":4340,"featured_media":14413,"comment_status":"open","ping_status":"open","sticky":false,"template":"","format":"standard","meta":{"_mi_skip_tracking":false,"_monsterinsights_sitenote_active":false,"_monsterinsights_sitenote_note":"","_monsterinsights_sitenote_category":0,"footnotes":""},"categories":[1],"tags":[],"_links":{"self":[{"href":"https:\/\/blog.cancaonova.com\/paisecatequistas\/wp-json\/wp\/v2\/posts\/14408"}],"collection":[{"href":"https:\/\/blog.cancaonova.com\/paisecatequistas\/wp-json\/wp\/v2\/posts"}],"about":[{"href":"https:\/\/blog.cancaonova.com\/paisecatequistas\/wp-json\/wp\/v2\/types\/post"}],"author":[{"embeddable":true,"href":"https:\/\/blog.cancaonova.com\/paisecatequistas\/wp-json\/wp\/v2\/users\/4340"}],"replies":[{"embeddable":true,"href":"https:\/\/blog.cancaonova.com\/paisecatequistas\/wp-json\/wp\/v2\/comments?post=14408"}],"version-history":[{"count":3,"href":"https:\/\/blog.cancaonova.com\/paisecatequistas\/wp-json\/wp\/v2\/posts\/14408\/revisions"}],"predecessor-version":[{"id":14416,"href":"https:\/\/blog.cancaonova.com\/paisecatequistas\/wp-json\/wp\/v2\/posts\/14408\/revisions\/14416"}],"wp:featuredmedia":[{"embeddable":true,"href":"https:\/\/blog.cancaonova.com\/paisecatequistas\/wp-json\/wp\/v2\/media\/14413"}],"wp:attachment":[{"href":"https:\/\/blog.cancaonova.com\/paisecatequistas\/wp-json\/wp\/v2\/media?parent=14408"}],"wp:term":[{"taxonomy":"category","embeddable":true,"href":"https:\/\/blog.cancaonova.com\/paisecatequistas\/wp-json\/wp\/v2\/categories?post=14408"},{"taxonomy":"post_tag","embeddable":true,"href":"https:\/\/blog.cancaonova.com\/paisecatequistas\/wp-json\/wp\/v2\/tags?post=14408"}],"curies":[{"name":"wp","href":"https:\/\/api.w.org\/{rel}","templated":true}]}}