{"id":14424,"date":"2023-07-03T08:39:16","date_gmt":"2023-07-03T10:39:16","guid":{"rendered":"http:\/\/blog.cancaonova.com\/paisecatequistas\/?p=14424"},"modified":"2025-07-02T09:37:59","modified_gmt":"2025-07-02T11:37:59","slug":"sao-tome-o-apostolo-que-nao-acreditou","status":"publish","type":"post","link":"https:\/\/blog.cancaonova.com\/paisecatequistas\/sao-tome-o-apostolo-que-nao-acreditou\/","title":{"rendered":"S\u00e3o Tom\u00e9: Da D\u00favida \u00e0 F\u00e9"},"content":{"rendered":"<p>S\u00e3o Tom\u00e9 foi o ap\u00f3stolo que n\u00e3o acreditou que Jesus havia ressuscitado e aparecido para os ap\u00f3stolos. Afinal, ele n\u00e3o estava presente quando isso aconteceu.<\/p>\n<p>Tom\u00e9 era do tipo \u201cver para crer\u201d e disse: <em>\u201cSe eu n\u00e3o vir, nas suas m\u00e3os, o sinal dos pregos, n\u00e3o puser o meu dedo no lugar dos pregos e n\u00e3o introduzir a minha m\u00e3o no seu lado, n\u00e3o acreditarei!\u201d.<\/em> Precisou Jesus aparecer e dizer:<em> \u201cIntroduz aqui o teu dedo e v\u00ea as minhas m\u00e3os. P\u00f5e a tua m\u00e3o no meu lado. N\u00e3o sejas incr\u00e9dulo, mas homem de f\u00e9.\u201d<\/em><\/p>\n<p>E Tom\u00e9 respondeu:\u00a0<em>\u201cSenhor meu, e Deus meu.\u201d<\/em> Disse-lhe Jesus: <em>\u201cTu creste, Tom\u00e9, porque me viste, bem-aventurados os que n\u00e3o viram e creram.\u201d<\/em><\/p>\n<p>Bem que ele podia dormir sem essa\u2026 Mas, justi\u00e7a seja feita, Tom\u00e9, quando acreditou, foi pra valer! Transformou-se num grande mission\u00e1rio e evangelizador.<\/p>\n<p>Dia 3 de julho \u00e9 o seu dia.<\/p>\n<p>E por onde andou o ap\u00f3stolo Tom\u00e9?<\/p>\n<p>Oficialmente, S\u00e3o Tom\u00e9 exerceu seu apostolado em regi\u00f5es do Oriente situadas entre a S\u00edria, a P\u00e9rsia e a \u00cdndia, onde morreu m\u00e1rtir, transpassado por uma lan\u00e7a.<\/p>\n<p><a href=\"http:\/\/blog.cancaonova.com\/paisecatequistas\/files\/2023\/07\/sao-tome.jpg\"><img loading=\"lazy\" decoding=\"async\" class=\" wp-image-17589 alignnone\" src=\"http:\/\/blog.cancaonova.com\/paisecatequistas\/files\/2023\/07\/sao-tome.jpg\" alt=\"\" width=\"983\" height=\"553\" srcset=\"https:\/\/blog.cancaonova.com\/paisecatequistas\/files\/2023\/07\/sao-tome.jpg 1920w, https:\/\/blog.cancaonova.com\/paisecatequistas\/files\/2023\/07\/sao-tome-300x169.jpg 300w, https:\/\/blog.cancaonova.com\/paisecatequistas\/files\/2023\/07\/sao-tome-768x432.jpg 768w, https:\/\/blog.cancaonova.com\/paisecatequistas\/files\/2023\/07\/sao-tome-384x216.jpg 384w, https:\/\/blog.cancaonova.com\/paisecatequistas\/files\/2023\/07\/sao-tome-512x288.jpg 512w, https:\/\/blog.cancaonova.com\/paisecatequistas\/files\/2023\/07\/sao-tome-1024x576.jpg 1024w, https:\/\/blog.cancaonova.com\/paisecatequistas\/files\/2023\/07\/sao-tome-1536x864.jpg 1536w\" sizes=\"(max-width: 983px) 100vw, 983px\" \/><\/a><\/p>\n<p><strong>VAMOS COLORIR<\/strong><\/p>\n<p><a href=\"https:\/\/blog.cancaonova.com\/paisecatequistas\/files\/2024\/06\/sao-tome3.pdf\"><img loading=\"lazy\" decoding=\"async\" class=\"wp-image-17591 alignnone\" src=\"http:\/\/blog.cancaonova.com\/paisecatequistas\/files\/2023\/07\/sao-tome-1-1.jpg\" alt=\"\" width=\"993\" height=\"1405\" srcset=\"https:\/\/blog.cancaonova.com\/paisecatequistas\/files\/2023\/07\/sao-tome-1-1.jpg 1414w, https:\/\/blog.cancaonova.com\/paisecatequistas\/files\/2023\/07\/sao-tome-1-1-212x300.jpg 212w, https:\/\/blog.cancaonova.com\/paisecatequistas\/files\/2023\/07\/sao-tome-1-1-768x1086.jpg 768w, https:\/\/blog.cancaonova.com\/paisecatequistas\/files\/2023\/07\/sao-tome-1-1-1086x1536.jpg 1086w\" sizes=\"(max-width: 993px) 100vw, 993px\" \/><\/a><\/p>\n<p>S\u00e3o Tom\u00e9, rogai por n\u00f3s!!!<\/p>\n","protected":false},"excerpt":{"rendered":"<p>S\u00e3o Tom\u00e9 foi o ap\u00f3stolo que n\u00e3o acreditou que Jesus havia ressuscitado e aparecido para os ap\u00f3stolos. Afinal, ele n\u00e3o estava presente quando isso aconteceu. <a href=\"https:\/\/blog.cancaonova.com\/paisecatequistas\/sao-tome-o-apostolo-que-nao-acreditou\/\">Continue lendo <span class=\"meta-nav\">&rarr;<\/span><\/a><\/p>\n","protected":false},"author":4340,"featured_media":17590,"comment_status":"closed","ping_status":"closed","sticky":false,"template":"","format":"standard","meta":{"_mi_skip_tracking":false,"_monsterinsights_sitenote_active":false,"_monsterinsights_sitenote_note":"","_monsterinsights_sitenote_category":0,"footnotes":""},"categories":[200710],"tags":[],"_links":{"self":[{"href":"https:\/\/blog.cancaonova.com\/paisecatequistas\/wp-json\/wp\/v2\/posts\/14424"}],"collection":[{"href":"https:\/\/blog.cancaonova.com\/paisecatequistas\/wp-json\/wp\/v2\/posts"}],"about":[{"href":"https:\/\/blog.cancaonova.com\/paisecatequistas\/wp-json\/wp\/v2\/types\/post"}],"author":[{"embeddable":true,"href":"https:\/\/blog.cancaonova.com\/paisecatequistas\/wp-json\/wp\/v2\/users\/4340"}],"replies":[{"embeddable":true,"href":"https:\/\/blog.cancaonova.com\/paisecatequistas\/wp-json\/wp\/v2\/comments?post=14424"}],"version-history":[{"count":8,"href":"https:\/\/blog.cancaonova.com\/paisecatequistas\/wp-json\/wp\/v2\/posts\/14424\/revisions"}],"predecessor-version":[{"id":19177,"href":"https:\/\/blog.cancaonova.com\/paisecatequistas\/wp-json\/wp\/v2\/posts\/14424\/revisions\/19177"}],"wp:featuredmedia":[{"embeddable":true,"href":"https:\/\/blog.cancaonova.com\/paisecatequistas\/wp-json\/wp\/v2\/media\/17590"}],"wp:attachment":[{"href":"https:\/\/blog.cancaonova.com\/paisecatequistas\/wp-json\/wp\/v2\/media?parent=14424"}],"wp:term":[{"taxonomy":"category","embeddable":true,"href":"https:\/\/blog.cancaonova.com\/paisecatequistas\/wp-json\/wp\/v2\/categories?post=14424"},{"taxonomy":"post_tag","embeddable":true,"href":"https:\/\/blog.cancaonova.com\/paisecatequistas\/wp-json\/wp\/v2\/tags?post=14424"}],"curies":[{"name":"wp","href":"https:\/\/api.w.org\/{rel}","templated":true}]}}