{"id":14443,"date":"2023-07-03T12:38:53","date_gmt":"2023-07-03T14:38:53","guid":{"rendered":"http:\/\/blog.cancaonova.com\/paisecatequistas\/?p=14443"},"modified":"2025-07-02T10:50:19","modified_gmt":"2025-07-02T12:50:19","slug":"santa-isabel-de-portugal-uma-rainha-irma-dos-pobres","status":"publish","type":"post","link":"https:\/\/blog.cancaonova.com\/paisecatequistas\/santa-isabel-de-portugal-uma-rainha-irma-dos-pobres\/","title":{"rendered":"Santa Isabel de Portugal  - Uma Rainha Irm\u00e3 dos Pobres"},"content":{"rendered":"<p>Nasceu na Espanha no ano de 1271. Pertencia \u00e0 fam\u00edlia real de Arag\u00e3o, que lhe concedeu uma \u00f3tima forma\u00e7\u00e3o, digna do seguimento de Cristo. Ela foi criada por seu av\u00f4, Tiago I, que estava rec\u00e9m-convertido ao cristianismo.<\/p>\n<p>Prometida em casamento ao rei Diniz, rei de Portugal, com apenas 12 anos de idade, e j\u00e1 dava testemunho de uma esposa crist\u00e3, uma mulher de ora\u00e7\u00e3o e centrada na Eucaristia. Seu matrim\u00f4nio foi um lugar de humilha\u00e7\u00e3o e santifica\u00e7\u00e3o: ela permaneceu fiel e am\u00e1vel mesmo diante das trai\u00e7\u00f5es e dificuldades com o esposo.<\/p>\n<p>Era rainha, mas nunca se esqueceu de que tamb\u00e9m era irm\u00e3 dos mais necessitados.<\/p>\n<p>Mulher religiosa e de caridade<a href=\"http:\/\/blog.cancaonova.com\/paisecatequistas\/files\/2023\/07\/04-07-Santa-Isabel-1.png\"><img loading=\"lazy\" decoding=\"async\" class=\"alignright wp-image-14452\" src=\"http:\/\/blog.cancaonova.com\/paisecatequistas\/files\/2023\/07\/04-07-Santa-Isabel-1.png\" alt=\"\" width=\"471\" height=\"717\" srcset=\"https:\/\/blog.cancaonova.com\/paisecatequistas\/files\/2023\/07\/04-07-Santa-Isabel-1.png 679w, https:\/\/blog.cancaonova.com\/paisecatequistas\/files\/2023\/07\/04-07-Santa-Isabel-1-197x300.png 197w\" sizes=\"(max-width: 471px) 100vw, 471px\" \/><\/a>,\u00a0ajudou a propagar a grande devo\u00e7\u00e3o a Nossa Senhora da Concei\u00e7\u00e3o.<\/p>\n<p>Refundou, em 1314, o Mosteiro de Santa Clara de Coimbra; tamb\u00e9m fundou, em 1321, em Santar\u00e9m, o Hospital de Nossa Senhora dos Inocentes, voltado para crian\u00e7as que, por algum motivo, eram abandonadas por suas m\u00e3es.<\/p>\n<p>Uma de suas \u00faltimas obras de caridade talvez tenha sido cuidar do seu pr\u00f3prio esposo. Dom Diniz, que tanto a fez sofrer, agora precisava dos cuidados de Isabel, que se disp\u00f4s, quis cuidar dele. Ele ficou doente em 1324, e faleceu no ano seguinte.<\/p>\n<p>Vi\u00fava, Isabel deixou a sua condi\u00e7\u00e3o de viver no pal\u00e1cio como rainha, abdicando seus bens e t\u00edtulos para receber o h\u00e1bito no Mosteiro das Clarissas em Coimbra, ingressando na Ordem Terceira Franciscana.<\/p>\n<p>Em 1336, saiu de Coimbra e foi ao encontro de seu filho devido a um novo conflito familiar. Mesmo enferma, conseguiu chegar. Foi acolhida e ouvida por seu filho.<\/p>\n<p>Faleceu no dia 4 de julho de 1336, e foi sepultada no Mosteiro em Coimbra.<\/p>\n<p>Foi canonizada pelo Papa Urbano VIII em 1665.<\/p>\n<p>Santa Isabel foi declarada padroeira de Portugal, recebendo do povo o t\u00edtulo de \u201crainha santa da conc\u00f3rdia e da paz\u201d.<\/p>\n<p><em><strong>\u201cSanta Isabel, fostes uma ex\u00edmia esposa, m\u00e3e, serva, rainha e religiosa, porque em tudo se dedicou ao amor a Deus e ao pr\u00f3ximo, intercede por n\u00f3s junto ao Senhor, para que tamb\u00e9m saibamos amar e nos doar a Ele e aos nossos irm\u00e3os. Am\u00e9m!\u201d<\/strong><\/em><\/p>\n<p>Santa Isabel, rogai por n\u00f3s!<\/p>\n<p>fonte: <a href=\"https:\/\/santo.cancaonova.com\/santo\/santa-isabel-de-portugal\/\">santo.cancaonova.com<\/a><\/p>\n<p>Conhe\u00e7a essa linda hist\u00f3ria tamb\u00e9m contada por Tia Adelita e o Pin\u00e9<\/p>\n<p><iframe loading=\"lazy\" title='Amigos do C\u00c3\u00a9u - Rainha Santa Isabel e o \"milagre das rosas\"' width=\"600\" height=\"450\" src=\"https:\/\/www.youtube.com\/embed\/dGZGnallGyI?feature=oembed&amp;rel=0\" frameborder=\"0\" allow=\"accelerometer; autoplay; clipboard-write; encrypted-media; gyroscope; picture-in-picture; web-share\" referrerpolicy=\"strict-origin-when-cross-origin\" allowfullscreen><\/iframe><\/p>\n<p><iframe loading=\"lazy\" title=\"Santa Rainha Isabel\" width=\"600\" height=\"338\" src=\"https:\/\/www.youtube.com\/embed\/sweCzR45D4E?feature=oembed&amp;rel=0\" frameborder=\"0\" allow=\"accelerometer; autoplay; clipboard-write; encrypted-media; gyroscope; picture-in-picture; web-share\" referrerpolicy=\"strict-origin-when-cross-origin\" allowfullscreen><\/iframe><\/p>\n","protected":false},"excerpt":{"rendered":"<p>Nasceu na Espanha no ano de 1271. Pertencia \u00e0 fam\u00edlia real de Arag\u00e3o, que lhe concedeu uma \u00f3tima forma\u00e7\u00e3o, digna do seguimento de Cristo. Ela foi criada por seu av\u00f4, Tiago I, que estava rec\u00e9m-convertido ao cristianismo. Prometida em casamento&#8230;<\/p>\n","protected":false},"author":4340,"featured_media":17597,"comment_status":"closed","ping_status":"closed","sticky":false,"template":"","format":"standard","meta":{"_mi_skip_tracking":false,"_monsterinsights_sitenote_active":false,"_monsterinsights_sitenote_note":"","_monsterinsights_sitenote_category":0,"footnotes":""},"categories":[1],"tags":[],"_links":{"self":[{"href":"https:\/\/blog.cancaonova.com\/paisecatequistas\/wp-json\/wp\/v2\/posts\/14443"}],"collection":[{"href":"https:\/\/blog.cancaonova.com\/paisecatequistas\/wp-json\/wp\/v2\/posts"}],"about":[{"href":"https:\/\/blog.cancaonova.com\/paisecatequistas\/wp-json\/wp\/v2\/types\/post"}],"author":[{"embeddable":true,"href":"https:\/\/blog.cancaonova.com\/paisecatequistas\/wp-json\/wp\/v2\/users\/4340"}],"replies":[{"embeddable":true,"href":"https:\/\/blog.cancaonova.com\/paisecatequistas\/wp-json\/wp\/v2\/comments?post=14443"}],"version-history":[{"count":8,"href":"https:\/\/blog.cancaonova.com\/paisecatequistas\/wp-json\/wp\/v2\/posts\/14443\/revisions"}],"predecessor-version":[{"id":14450,"href":"https:\/\/blog.cancaonova.com\/paisecatequistas\/wp-json\/wp\/v2\/posts\/14443\/revisions\/14450"}],"wp:featuredmedia":[{"embeddable":true,"href":"https:\/\/blog.cancaonova.com\/paisecatequistas\/wp-json\/wp\/v2\/media\/17597"}],"wp:attachment":[{"href":"https:\/\/blog.cancaonova.com\/paisecatequistas\/wp-json\/wp\/v2\/media?parent=14443"}],"wp:term":[{"taxonomy":"category","embeddable":true,"href":"https:\/\/blog.cancaonova.com\/paisecatequistas\/wp-json\/wp\/v2\/categories?post=14443"},{"taxonomy":"post_tag","embeddable":true,"href":"https:\/\/blog.cancaonova.com\/paisecatequistas\/wp-json\/wp\/v2\/tags?post=14443"}],"curies":[{"name":"wp","href":"https:\/\/api.w.org\/{rel}","templated":true}]}}