{"id":1446,"date":"2014-05-12T11:06:58","date_gmt":"2014-05-12T13:06:58","guid":{"rendered":"http:\/\/blog.cancaonova.com\/paisecatequistas\/?p=1446"},"modified":"2014-05-02T11:20:26","modified_gmt":"2014-05-02T13:20:26","slug":"uma-visita-especial","status":"publish","type":"post","link":"https:\/\/blog.cancaonova.com\/paisecatequistas\/uma-visita-especial\/","title":{"rendered":"Uma visita especial!"},"content":{"rendered":"<p><a href=\"http:\/\/blog.cancaonova.com\/paisecatequistas\/files\/2010\/05\/maria-visita-isabel.jpg\"><img loading=\"lazy\" decoding=\"async\" class=\"alignnone size-full wp-image-1447\" src=\"http:\/\/blog.cancaonova.com\/paisecatequistas\/files\/2010\/05\/maria-visita-isabel.jpg\" alt=\"\" width=\"400\" height=\"600\" \/><\/a><\/p>\n<h1>Maria visita sua prima Isabel<\/h1>\n<p style=\"text-align: justify\">Maria levantou-se e foi com pressa a uma cidade de Jud\u00e1, na regi\u00e3o montanhosa, onde vivia sua prima. Entrou na casa de Zacarias e cumprimentou Isabel. Ora, apenas Isabel ouviu a voz de Maria, o bebe mexeu-se de alegria em sua barriga e ela ficou cheia do Esp\u00edrito Santo. Isabel falou bem alto:<\/p>\n<p style=\"text-align: justify\">&#8220;Bendita \u00e9 voc\u00ea entre todas as mulheres e bendito \u00e9 o fruto do seu ventre. De onde me vem esta honra de vir me visitar\u00a0 a m\u00e3e do meu Senhor?&#8221;<\/p>\n<p>Maria disse:<\/p>\n<p style=\"text-align: justify\">&#8220;A minha alma glorifica ao Senhor e o meu esp\u00edrito se alegra em Deus, meu Salvador, porque olhou para sua pobre serva. Por isso, desde agora, me chamar\u00e3o bem aventurada todas as gera\u00e7\u00f5es, porque o Poderoso fez maravilhas em mim.&#8221; E Maria falou da bondade de Deus, que sempre pensa nos pobres e n\u00e3o se esquece do seu povo. Ela ficou uns tr\u00eas meses ajudand Isabel, at\u00e9 o beb\u00ea nascer.<\/p>\n<p style=\"text-align: justify\">Biblia para Crian\u00e7as &#8211; Editora Can\u00e7\u00e3o Nova<\/p>\n<h1 style=\"text-align: justify\"><span style=\"color: #ff0000\">ATIVIDADE<\/span><\/h1>\n<p style=\"text-align: justify\">1) Lendo essa passagem biblica, qual \u00e9 a parte da hist\u00f3ria que voc\u00ea mais gostou e porque?<\/p>\n<p style=\"text-align: justify\">2) Desenhe em forma de hist\u00f3ria de quadrinho essa passagem biblica.<\/p>\n<p style=\"text-align: justify\">3) Agora, fa\u00e7a sua ora\u00e7\u00e3o! Assim como Nossa Senhora cantou um &#8220;c\u00e2ntico novo&#8221;, voc\u00ea tamb\u00e9m pode louvar a Deus pelas coisas boas que Ele realiza no seu cora\u00e7\u00e3o, na sua familia.<\/p>\n<p style=\"text-align: justify\">Deus aben\u00e7oe<\/p>\n<p style=\"text-align: justify\">Dep. Infantil &#8211; Tia\u00a0Tininha<\/p>\n","protected":false},"excerpt":{"rendered":"<p>Maria visita sua prima Isabel Maria levantou-se e foi com pressa a uma cidade de Jud\u00e1, na regi\u00e3o montanhosa, onde vivia sua prima. Entrou na casa de Zacarias e cumprimentou Isabel. Ora, apenas Isabel ouviu a voz de Maria, o&#8230;<\/p>\n","protected":false},"author":4340,"featured_media":0,"comment_status":"open","ping_status":"open","sticky":false,"template":"","format":"standard","meta":{"_mi_skip_tracking":false,"_monsterinsights_sitenote_active":false,"_monsterinsights_sitenote_note":"","_monsterinsights_sitenote_category":0,"footnotes":""},"categories":[16089],"tags":[102583,19639,6351,15975,11681,31513],"_links":{"self":[{"href":"https:\/\/blog.cancaonova.com\/paisecatequistas\/wp-json\/wp\/v2\/posts\/1446"}],"collection":[{"href":"https:\/\/blog.cancaonova.com\/paisecatequistas\/wp-json\/wp\/v2\/posts"}],"about":[{"href":"https:\/\/blog.cancaonova.com\/paisecatequistas\/wp-json\/wp\/v2\/types\/post"}],"author":[{"embeddable":true,"href":"https:\/\/blog.cancaonova.com\/paisecatequistas\/wp-json\/wp\/v2\/users\/4340"}],"replies":[{"embeddable":true,"href":"https:\/\/blog.cancaonova.com\/paisecatequistas\/wp-json\/wp\/v2\/comments?post=1446"}],"version-history":[{"count":8,"href":"https:\/\/blog.cancaonova.com\/paisecatequistas\/wp-json\/wp\/v2\/posts\/1446\/revisions"}],"predecessor-version":[{"id":6726,"href":"https:\/\/blog.cancaonova.com\/paisecatequistas\/wp-json\/wp\/v2\/posts\/1446\/revisions\/6726"}],"wp:attachment":[{"href":"https:\/\/blog.cancaonova.com\/paisecatequistas\/wp-json\/wp\/v2\/media?parent=1446"}],"wp:term":[{"taxonomy":"category","embeddable":true,"href":"https:\/\/blog.cancaonova.com\/paisecatequistas\/wp-json\/wp\/v2\/categories?post=1446"},{"taxonomy":"post_tag","embeddable":true,"href":"https:\/\/blog.cancaonova.com\/paisecatequistas\/wp-json\/wp\/v2\/tags?post=1446"}],"curies":[{"name":"wp","href":"https:\/\/api.w.org\/{rel}","templated":true}]}}