{"id":14472,"date":"2023-07-04T12:47:58","date_gmt":"2023-07-04T14:47:58","guid":{"rendered":"http:\/\/blog.cancaonova.com\/paisecatequistas\/?p=14472"},"modified":"2023-07-17T15:16:50","modified_gmt":"2023-07-17T17:16:50","slug":"mae-cobre-nos-com-o-teu-manto","status":"publish","type":"post","link":"https:\/\/blog.cancaonova.com\/paisecatequistas\/mae-cobre-nos-com-o-teu-manto\/","title":{"rendered":"M\u00e3e, cobre-nos com o teu manto!"},"content":{"rendered":"<p>Voc\u00ea j\u00e1 conhece a nossa Revista Can\u00e7\u00e3o Nova Kids?<\/p>\n<p>Ela \u00e9 um presente para as nossas crian\u00e7as e \u00e9 produzida com muito amor, forma\u00e7\u00e3o e evangeliza\u00e7\u00e3o.<\/p>\n<p>No\u00a0 m\u00eas de julho, o tema \u00e9 <a href=\"https:\/\/img.cancaonova.com\/cnimages\/canais\/uploads\/sites\/12\/2023\/06\/Revista-Can%C3%A7%C3%A3o-Nova-Kids-Julho-2023.pdf\"><strong>&#8220;M\u00e3e, cobre-nos com o seu manto&#8221;<\/strong><\/a><strong>.<\/strong><\/p>\n<p><iframe loading=\"lazy\" title=\"Revista Can\u00c3\u00a7\u00c3\u00a3o Nova Kids - Julho 2023\" width=\"600\" height=\"338\" src=\"https:\/\/www.youtube.com\/embed\/QDg35v5y3cw?feature=oembed&amp;rel=0\" frameborder=\"0\" allow=\"accelerometer; autoplay; clipboard-write; encrypted-media; gyroscope; picture-in-picture; web-share\" referrerpolicy=\"strict-origin-when-cross-origin\" allowfullscreen><\/iframe><\/p>\n","protected":false},"excerpt":{"rendered":"<p>Voc\u00ea j\u00e1 conhece a nossa Revista Can\u00e7\u00e3o Nova Kids? Ela \u00e9 um presente para as nossas crian\u00e7as e \u00e9 produzida com muito amor, forma\u00e7\u00e3o e evangeliza\u00e7\u00e3o. No\u00a0 m\u00eas de julho, o tema \u00e9 &#8220;M\u00e3e, cobre-nos com o seu manto&#8221;.<\/p>\n","protected":false},"author":4340,"featured_media":14476,"comment_status":"open","ping_status":"open","sticky":false,"template":"","format":"standard","meta":{"_mi_skip_tracking":false,"_monsterinsights_sitenote_active":false,"_monsterinsights_sitenote_note":"","_monsterinsights_sitenote_category":0,"footnotes":""},"categories":[5011],"tags":[],"_links":{"self":[{"href":"https:\/\/blog.cancaonova.com\/paisecatequistas\/wp-json\/wp\/v2\/posts\/14472"}],"collection":[{"href":"https:\/\/blog.cancaonova.com\/paisecatequistas\/wp-json\/wp\/v2\/posts"}],"about":[{"href":"https:\/\/blog.cancaonova.com\/paisecatequistas\/wp-json\/wp\/v2\/types\/post"}],"author":[{"embeddable":true,"href":"https:\/\/blog.cancaonova.com\/paisecatequistas\/wp-json\/wp\/v2\/users\/4340"}],"replies":[{"embeddable":true,"href":"https:\/\/blog.cancaonova.com\/paisecatequistas\/wp-json\/wp\/v2\/comments?post=14472"}],"version-history":[{"count":5,"href":"https:\/\/blog.cancaonova.com\/paisecatequistas\/wp-json\/wp\/v2\/posts\/14472\/revisions"}],"predecessor-version":[{"id":14494,"href":"https:\/\/blog.cancaonova.com\/paisecatequistas\/wp-json\/wp\/v2\/posts\/14472\/revisions\/14494"}],"wp:featuredmedia":[{"embeddable":true,"href":"https:\/\/blog.cancaonova.com\/paisecatequistas\/wp-json\/wp\/v2\/media\/14476"}],"wp:attachment":[{"href":"https:\/\/blog.cancaonova.com\/paisecatequistas\/wp-json\/wp\/v2\/media?parent=14472"}],"wp:term":[{"taxonomy":"category","embeddable":true,"href":"https:\/\/blog.cancaonova.com\/paisecatequistas\/wp-json\/wp\/v2\/categories?post=14472"},{"taxonomy":"post_tag","embeddable":true,"href":"https:\/\/blog.cancaonova.com\/paisecatequistas\/wp-json\/wp\/v2\/tags?post=14472"}],"curies":[{"name":"wp","href":"https:\/\/api.w.org\/{rel}","templated":true}]}}