{"id":14490,"date":"2023-07-05T14:57:21","date_gmt":"2023-07-05T16:57:21","guid":{"rendered":"http:\/\/blog.cancaonova.com\/paisecatequistas\/?p=14490"},"modified":"2023-07-06T09:27:41","modified_gmt":"2023-07-06T11:27:41","slug":"o-evangelho-e-revelado-aos-pequeninos-mt-1125-30","status":"publish","type":"post","link":"https:\/\/blog.cancaonova.com\/paisecatequistas\/o-evangelho-e-revelado-aos-pequeninos-mt-1125-30\/","title":{"rendered":"O Evangelho \u00e9 revelado aos pequeninos"},"content":{"rendered":"<p>Esta linda passagem do Evangelho de S\u00e3o Mateus 11,25-30 est\u00e1 tamb\u00e9m na <a href=\"https:\/\/loja.cancaonova.com\/livro-biblia-para-criancas\">B\u00edblia para Crian\u00e7as<\/a> na p\u00e1gina 318. Preparamos tamb\u00e9m em v\u00eddeo para que as crian\u00e7as que ainda n\u00e3o sabem ler possam ouvir.<\/p>\n<p>&nbsp;<\/p>\n<p><iframe loading=\"lazy\" title=\"B\u00c3\u00adblia para Crian\u00c3\u00a7as - O Evangelho \u00c3\u00a9 revelado aos pequeninos\" width=\"600\" height=\"450\" src=\"https:\/\/www.youtube.com\/embed\/Yoq1NOdsaV8?feature=oembed&amp;rel=0\" frameborder=\"0\" allow=\"accelerometer; autoplay; clipboard-write; encrypted-media; gyroscope; picture-in-picture; web-share\" referrerpolicy=\"strict-origin-when-cross-origin\" allowfullscreen><\/iframe><\/p>\n<p>&nbsp;<\/p>\n<p><a href=\"http:\/\/blog.cancaonova.com\/paisecatequistas\/files\/2023\/07\/NOVO_TESTAMENTO_QRcode_415new-38.jpg\"><img loading=\"lazy\" decoding=\"async\" class=\"wp-image-14492 alignnone\" src=\"http:\/\/blog.cancaonova.com\/paisecatequistas\/files\/2023\/07\/NOVO_TESTAMENTO_QRcode_415new-38.jpg\" alt=\"\" width=\"862\" height=\"1083\" srcset=\"https:\/\/blog.cancaonova.com\/paisecatequistas\/files\/2023\/07\/NOVO_TESTAMENTO_QRcode_415new-38.jpg 2065w, https:\/\/blog.cancaonova.com\/paisecatequistas\/files\/2023\/07\/NOVO_TESTAMENTO_QRcode_415new-38-239x300.jpg 239w, https:\/\/blog.cancaonova.com\/paisecatequistas\/files\/2023\/07\/NOVO_TESTAMENTO_QRcode_415new-38-768x965.jpg 768w\" sizes=\"(max-width: 862px) 100vw, 862px\" \/><\/a><\/p>\n","protected":false},"excerpt":{"rendered":"<p>Esta linda passagem do Evangelho de S\u00e3o Mateus 11,25-30 est\u00e1 tamb\u00e9m na B\u00edblia para Crian\u00e7as na p\u00e1gina 318. Preparamos tamb\u00e9m em v\u00eddeo para que as crian\u00e7as que ainda n\u00e3o sabem ler possam ouvir. &nbsp; &nbsp;<\/p>\n","protected":false},"author":4340,"featured_media":14493,"comment_status":"open","ping_status":"open","sticky":false,"template":"","format":"standard","meta":{"_mi_skip_tracking":false,"_monsterinsights_sitenote_active":false,"_monsterinsights_sitenote_note":"","_monsterinsights_sitenote_category":0,"footnotes":""},"categories":[1],"tags":[],"_links":{"self":[{"href":"https:\/\/blog.cancaonova.com\/paisecatequistas\/wp-json\/wp\/v2\/posts\/14490"}],"collection":[{"href":"https:\/\/blog.cancaonova.com\/paisecatequistas\/wp-json\/wp\/v2\/posts"}],"about":[{"href":"https:\/\/blog.cancaonova.com\/paisecatequistas\/wp-json\/wp\/v2\/types\/post"}],"author":[{"embeddable":true,"href":"https:\/\/blog.cancaonova.com\/paisecatequistas\/wp-json\/wp\/v2\/users\/4340"}],"replies":[{"embeddable":true,"href":"https:\/\/blog.cancaonova.com\/paisecatequistas\/wp-json\/wp\/v2\/comments?post=14490"}],"version-history":[{"count":9,"href":"https:\/\/blog.cancaonova.com\/paisecatequistas\/wp-json\/wp\/v2\/posts\/14490\/revisions"}],"predecessor-version":[{"id":14513,"href":"https:\/\/blog.cancaonova.com\/paisecatequistas\/wp-json\/wp\/v2\/posts\/14490\/revisions\/14513"}],"wp:featuredmedia":[{"embeddable":true,"href":"https:\/\/blog.cancaonova.com\/paisecatequistas\/wp-json\/wp\/v2\/media\/14493"}],"wp:attachment":[{"href":"https:\/\/blog.cancaonova.com\/paisecatequistas\/wp-json\/wp\/v2\/media?parent=14490"}],"wp:term":[{"taxonomy":"category","embeddable":true,"href":"https:\/\/blog.cancaonova.com\/paisecatequistas\/wp-json\/wp\/v2\/categories?post=14490"},{"taxonomy":"post_tag","embeddable":true,"href":"https:\/\/blog.cancaonova.com\/paisecatequistas\/wp-json\/wp\/v2\/tags?post=14490"}],"curies":[{"name":"wp","href":"https:\/\/api.w.org\/{rel}","templated":true}]}}