{"id":14536,"date":"2023-07-10T10:11:49","date_gmt":"2023-07-10T12:11:49","guid":{"rendered":"http:\/\/blog.cancaonova.com\/paisecatequistas\/?p=14536"},"modified":"2024-07-08T12:09:51","modified_gmt":"2024-07-08T14:09:51","slug":"oracao-sao-bento","status":"publish","type":"post","link":"https:\/\/blog.cancaonova.com\/paisecatequistas\/oracao-sao-bento\/","title":{"rendered":"Ora\u00e7\u00e3o e a Medalha de S\u00e3o Bento"},"content":{"rendered":"<p>Vamos aprender e rezar a ora\u00e7\u00e3o de S\u00e3o Bento?<\/p>\n<p>\u201c\u00d3 glorioso Patriarca S\u00e3o Bento, que vos mostrastes sempre compassivo com os necessitados, fazei que tamb\u00e9m n\u00f3s, recorrendo \u00e0 vossa poderosa intercess\u00e3o, obtenhamos aux\u00edlio em todas as nossas afli\u00e7\u00f5es. Que nas fam\u00edlias reine a paz e a tranquilidade, afastem-se todas as desgra\u00e7as, tanto corporais como espirituais, especialmente o pecado. Alcan\u00e7ai do Senhor a gra\u00e7a que vos suplicamos, obtendo-nos finalmente que, ao terminar nossa vista neste vale de l\u00e1grimas, possamos louvar a Deus.\u201d<\/p>\n<p><a href=\"http:\/\/blog.cancaonova.com\/paisecatequistas\/files\/2023\/07\/s\u00e3o-bento1.jpg\"><img loading=\"lazy\" decoding=\"async\" class=\"wp-image-14537 alignnone\" src=\"http:\/\/blog.cancaonova.com\/paisecatequistas\/files\/2023\/07\/s\u00e3o-bento1.jpg\" alt=\"\" width=\"994\" height=\"1406\" srcset=\"https:\/\/blog.cancaonova.com\/paisecatequistas\/files\/2023\/07\/s\u00e3o-bento1.jpg 1414w, https:\/\/blog.cancaonova.com\/paisecatequistas\/files\/2023\/07\/s\u00e3o-bento1-212x300.jpg 212w, https:\/\/blog.cancaonova.com\/paisecatequistas\/files\/2023\/07\/s\u00e3o-bento1-768x1086.jpg 768w\" sizes=\"(max-width: 994px) 100vw, 994px\" \/><\/a><\/p>\n<p>Conhe\u00e7a o significado da Medalha de S\u00e3o Bento<\/p>\n<p><a href=\"http:\/\/blog.cancaonova.com\/paisecatequistas\/files\/2023\/07\/medalha.jpg\"><img loading=\"lazy\" decoding=\"async\" class=\" wp-image-14538 alignnone\" src=\"http:\/\/blog.cancaonova.com\/paisecatequistas\/files\/2023\/07\/medalha.jpg\" alt=\"\" width=\"982\" height=\"1388\" srcset=\"https:\/\/blog.cancaonova.com\/paisecatequistas\/files\/2023\/07\/medalha.jpg 1414w, https:\/\/blog.cancaonova.com\/paisecatequistas\/files\/2023\/07\/medalha-212x300.jpg 212w, https:\/\/blog.cancaonova.com\/paisecatequistas\/files\/2023\/07\/medalha-768x1086.jpg 768w\" sizes=\"(max-width: 982px) 100vw, 982px\" \/><\/a><\/p>\n<p>Vamos fazer recortar e montar S\u00e3o Bento?<\/p>\n<p><a href=\"https:\/\/blog.cancaonova.com\/paisecatequistas\/files\/2023\/07\/s%C3%A3o-bento-boneco.pdf\"><img loading=\"lazy\" decoding=\"async\" class=\"wp-image-14539 alignnone\" src=\"http:\/\/blog.cancaonova.com\/paisecatequistas\/files\/2023\/07\/21.jpg\" alt=\"\" width=\"1121\" height=\"1722\" srcset=\"https:\/\/blog.cancaonova.com\/paisecatequistas\/files\/2023\/07\/21.jpg 1653w, https:\/\/blog.cancaonova.com\/paisecatequistas\/files\/2023\/07\/21-195x300.jpg 195w, https:\/\/blog.cancaonova.com\/paisecatequistas\/files\/2023\/07\/21-768x1180.jpg 768w\" sizes=\"(max-width: 1121px) 100vw, 1121px\" \/><\/a><\/p>\n","protected":false},"excerpt":{"rendered":"<p>Vamos aprender e rezar a ora\u00e7\u00e3o de S\u00e3o Bento? \u201c\u00d3 glorioso Patriarca S\u00e3o Bento, que vos mostrastes sempre compassivo com os necessitados, fazei que tamb\u00e9m n\u00f3s, recorrendo \u00e0 vossa poderosa intercess\u00e3o, obtenhamos aux\u00edlio em todas as nossas afli\u00e7\u00f5es. Que nas&#8230;<\/p>\n","protected":false},"author":4340,"featured_media":17631,"comment_status":"open","ping_status":"open","sticky":false,"template":"","format":"standard","meta":{"_mi_skip_tracking":false,"_monsterinsights_sitenote_active":false,"_monsterinsights_sitenote_note":"","_monsterinsights_sitenote_category":0,"footnotes":""},"categories":[271],"tags":[],"_links":{"self":[{"href":"https:\/\/blog.cancaonova.com\/paisecatequistas\/wp-json\/wp\/v2\/posts\/14536"}],"collection":[{"href":"https:\/\/blog.cancaonova.com\/paisecatequistas\/wp-json\/wp\/v2\/posts"}],"about":[{"href":"https:\/\/blog.cancaonova.com\/paisecatequistas\/wp-json\/wp\/v2\/types\/post"}],"author":[{"embeddable":true,"href":"https:\/\/blog.cancaonova.com\/paisecatequistas\/wp-json\/wp\/v2\/users\/4340"}],"replies":[{"embeddable":true,"href":"https:\/\/blog.cancaonova.com\/paisecatequistas\/wp-json\/wp\/v2\/comments?post=14536"}],"version-history":[{"count":7,"href":"https:\/\/blog.cancaonova.com\/paisecatequistas\/wp-json\/wp\/v2\/posts\/14536\/revisions"}],"predecessor-version":[{"id":14566,"href":"https:\/\/blog.cancaonova.com\/paisecatequistas\/wp-json\/wp\/v2\/posts\/14536\/revisions\/14566"}],"wp:featuredmedia":[{"embeddable":true,"href":"https:\/\/blog.cancaonova.com\/paisecatequistas\/wp-json\/wp\/v2\/media\/17631"}],"wp:attachment":[{"href":"https:\/\/blog.cancaonova.com\/paisecatequistas\/wp-json\/wp\/v2\/media?parent=14536"}],"wp:term":[{"taxonomy":"category","embeddable":true,"href":"https:\/\/blog.cancaonova.com\/paisecatequistas\/wp-json\/wp\/v2\/categories?post=14536"},{"taxonomy":"post_tag","embeddable":true,"href":"https:\/\/blog.cancaonova.com\/paisecatequistas\/wp-json\/wp\/v2\/tags?post=14536"}],"curies":[{"name":"wp","href":"https:\/\/api.w.org\/{rel}","templated":true}]}}