{"id":14558,"date":"2023-07-10T14:03:25","date_gmt":"2023-07-10T16:03:25","guid":{"rendered":"http:\/\/blog.cancaonova.com\/paisecatequistas\/?p=14558"},"modified":"2024-08-06T15:03:38","modified_gmt":"2024-08-06T17:03:38","slug":"14558","status":"publish","type":"post","link":"https:\/\/blog.cancaonova.com\/paisecatequistas\/14558\/","title":{"rendered":"S\u00e3o Lu\u00eds e Santa Z\u00e9lia - A Fam\u00edlia Martin"},"content":{"rendered":"<p>Estes s\u00e3o Lu\u00eds e Z\u00e9lia Martin, os Santos pais de Santa Teresinha do Menino Jesus. Antes de se conhecerem, cada um queria seguir uma vida religiosa (morar no convento), mas os dois receberam um &#8216;n\u00e3o&#8217;. Tempos depois, eles se conheceram e entenderam que Deus os chamava a buscar a santidade como um casal.<\/p>\n<p>Casaram-se, no dia 12 de julho de 1858, e tiveram nove filhos; destes, quatro morreram ainda beb\u00eas, e as cinco que sobreviveram foram Le\u00f4nia, Maria, Paulina, Celina e Santa Teresinha.<\/p>\n<p>S\u00e3o Lu\u00eds era relojoeiro e joalheiro, fazia e consertava rel\u00f3gios e joias. Santa Z\u00e9lia fazia bordados, e assim foram vivendo uma vida de santidade, iam \u00e0 missa todos os dias, rezavam juntos, confessavam e educavam suas filhas com muito amor. Mas quando Santa Teresinha, a filha mais nova, tinha 4 anos, Santa Z\u00e9lia teve c\u00e2ncer e acabou morrendo.<\/p>\n<p>S\u00e3o Lu\u00eds ficou com suas cinco filhas, e mesmo sozinho continuou a educar as meninas com a ajuda de Isidoro e a cunhada de Z\u00e9lia.\u00a0S\u00e3o Lu\u00eds viu suas filhas entrarem no Carmelo e se tornarem freiras, e mesmo sentindo falta delas, tudo oferecia por amor a Deus.<\/p>\n<p>Ao final de sua vida, ficou doente, e, muitas vezes, perdia o racioc\u00ednio, mas quando estava bem, agia com sabedoria e devo\u00e7\u00e3o a Deus.<\/p>\n<p>A vida de santidade desse casal levou Teresinha a ser Santa, e Le\u00f4nia est\u00e1 no caminho de beatifica\u00e7\u00e3o. S\u00e3o Lu\u00eds e Santa Z\u00e9lia foram o primeiro casal a ser canonizado (proclamado santos) juntos!<\/p>\n<p>Um casamento que d\u00e1 frutos de santidade \u00e9 um casamento que cumpriu seu objetivo: gerar santos!<\/p>\n<h3><em>\u201cO Bom Deus deu-me um pai e uma m\u00e3e mais dignos do c\u00e9u do que da terra!\u201d<\/em> &#8211; Santa Teresinha<\/h3>\n<p>Vamos pedir a intercess\u00e3o de S\u00e3o Lu\u00eds e Santa Z\u00e9lia para ajudar a nossa fam\u00edlia a ser santa!<\/p>\n<p><a href=\"http:\/\/blog.cancaonova.com\/paisecatequistas\/files\/2023\/07\/luiz-e-zelia.png\"><img loading=\"lazy\" decoding=\"async\" class=\"alignright size-full wp-image-14559\" src=\"http:\/\/blog.cancaonova.com\/paisecatequistas\/files\/2023\/07\/luiz-e-zelia.png\" alt=\"\" width=\"3307\" height=\"2539\" srcset=\"https:\/\/blog.cancaonova.com\/paisecatequistas\/files\/2023\/07\/luiz-e-zelia.png 3307w, https:\/\/blog.cancaonova.com\/paisecatequistas\/files\/2023\/07\/luiz-e-zelia-300x230.png 300w, https:\/\/blog.cancaonova.com\/paisecatequistas\/files\/2023\/07\/luiz-e-zelia-768x590.png 768w\" sizes=\"(max-width: 3307px) 100vw, 3307px\" \/><\/a><\/p>\n<h3><em>Ora\u00e7\u00e3o aos Santos Lu\u00eds e Z\u00e9lia Martin:<\/em><\/h3>\n<p>Santos Lu\u00eds e Z\u00e9lia Martin, ap\u00f3s sentirdes o desejo de vida religiosa, ouvistes o chamado do Senhor para a voca\u00e7\u00e3o do casamento. Sois os \u201cpais sem igual\u201d de quem vossa filha Santa Teresinha do Menino Jesus fala; os afortunados pais de Le\u00f4nia, a Serva de Deus, Irm\u00e3 Francisca Teresa; de Maria, Paulina e Celina, transplantadas para o Monte Carmelo; e dos quatro filhos tirados de vosso afeto na juventude: Helena, Jos\u00e9, Jo\u00e3o Batista e Mel\u00e2nia Teresa.<\/p>\n<p>Destes toda a gl\u00f3ria a Deus atrav\u00e9s de vosso trabalho humilde e paciente, do compromisso com os pobres e de vossa vida familiar, onde reinava a felicidade de amar e ser amado. Vivestes a vida cotidiana concretamente atrav\u00e9s das alegrias e tristezas de vossa exist\u00eancia. Amai-nos como a vossos pr\u00f3prios filhos, com o cora\u00e7\u00e3o de um pai e o cora\u00e7\u00e3o de uma m\u00e3e, porque sois amigos de Deus. Ouvi nossa ora\u00e7\u00e3o e nosso pedido (fazer o pedido) e intercedei por n\u00f3s junto a Deus Pai, atrav\u00e9s de Jesus Cristo, Nosso Senhor, a gra\u00e7a\u00a0do Esp\u00edrito Santo. Am\u00e9m.<\/p>\n<p>Assista este lindo Teatro: <a href=\"https:\/\/youtu.be\/x4QsXIvmbUw\">Recorte do C\u00e9u na Terra<\/a><\/p>\n<p><iframe loading=\"lazy\" title=\"Kair\u00c3\u00b3s Kids 2022  - Teatro recorte do C\u00c3\u00a9u na Terra\" width=\"600\" height=\"338\" src=\"https:\/\/www.youtube.com\/embed\/x4QsXIvmbUw?feature=oembed&amp;rel=0\" frameborder=\"0\" allow=\"accelerometer; autoplay; clipboard-write; encrypted-media; gyroscope; picture-in-picture; web-share\" referrerpolicy=\"strict-origin-when-cross-origin\" allowfullscreen><\/iframe><\/p>\n","protected":false},"excerpt":{"rendered":"<p>Estes s\u00e3o Lu\u00eds e Z\u00e9lia Martin, os Santos pais de Santa Teresinha do Menino Jesus. Antes de se conhecerem, cada um queria seguir uma vida religiosa (morar no convento), mas os dois receberam um &#8216;n\u00e3o&#8217;. Tempos depois, eles se conheceram e entenderam que Deus os chamava a buscar a santidade como um casal. <a href=\"https:\/\/blog.cancaonova.com\/paisecatequistas\/14558\/\">Continue lendo <span class=\"meta-nav\">&rarr;<\/span><\/a><\/p>\n","protected":false},"author":4340,"featured_media":17634,"comment_status":"open","ping_status":"open","sticky":false,"template":"","format":"standard","meta":{"_mi_skip_tracking":false,"_monsterinsights_sitenote_active":false,"_monsterinsights_sitenote_note":"","_monsterinsights_sitenote_category":0,"footnotes":""},"categories":[200710,271],"tags":[261,218943,15782,218941,29477],"_links":{"self":[{"href":"https:\/\/blog.cancaonova.com\/paisecatequistas\/wp-json\/wp\/v2\/posts\/14558"}],"collection":[{"href":"https:\/\/blog.cancaonova.com\/paisecatequistas\/wp-json\/wp\/v2\/posts"}],"about":[{"href":"https:\/\/blog.cancaonova.com\/paisecatequistas\/wp-json\/wp\/v2\/types\/post"}],"author":[{"embeddable":true,"href":"https:\/\/blog.cancaonova.com\/paisecatequistas\/wp-json\/wp\/v2\/users\/4340"}],"replies":[{"embeddable":true,"href":"https:\/\/blog.cancaonova.com\/paisecatequistas\/wp-json\/wp\/v2\/comments?post=14558"}],"version-history":[{"count":9,"href":"https:\/\/blog.cancaonova.com\/paisecatequistas\/wp-json\/wp\/v2\/posts\/14558\/revisions"}],"predecessor-version":[{"id":14569,"href":"https:\/\/blog.cancaonova.com\/paisecatequistas\/wp-json\/wp\/v2\/posts\/14558\/revisions\/14569"}],"wp:featuredmedia":[{"embeddable":true,"href":"https:\/\/blog.cancaonova.com\/paisecatequistas\/wp-json\/wp\/v2\/media\/17634"}],"wp:attachment":[{"href":"https:\/\/blog.cancaonova.com\/paisecatequistas\/wp-json\/wp\/v2\/media?parent=14558"}],"wp:term":[{"taxonomy":"category","embeddable":true,"href":"https:\/\/blog.cancaonova.com\/paisecatequistas\/wp-json\/wp\/v2\/categories?post=14558"},{"taxonomy":"post_tag","embeddable":true,"href":"https:\/\/blog.cancaonova.com\/paisecatequistas\/wp-json\/wp\/v2\/tags?post=14558"}],"curies":[{"name":"wp","href":"https:\/\/api.w.org\/{rel}","templated":true}]}}