{"id":1469,"date":"2010-06-08T15:19:57","date_gmt":"2010-06-08T17:19:57","guid":{"rendered":"http:\/\/blog.cancaonova.com\/paisecatequistas\/?p=1469"},"modified":"2012-01-04T11:14:53","modified_gmt":"2012-01-04T13:14:53","slug":"para-ler-e-pensar-4","status":"publish","type":"post","link":"https:\/\/blog.cancaonova.com\/paisecatequistas\/para-ler-e-pensar-4\/","title":{"rendered":"Para ler e Pensar!!!"},"content":{"rendered":"<p>Ol\u00e1 pais e catequistas.<br \/>\nHistorinha do Ratinho Rui para reflex\u00e3o. At\u00e9 a pr\u00f3xima.<\/p>\n<p><a href=\"http:\/\/blog.cancaonova.com\/paisecatequistas\/files\/2010\/06\/os_brinquedos.jpg\"><img loading=\"lazy\" decoding=\"async\" class=\"alignnone size-full wp-image-1470\" src=\"http:\/\/blog.cancaonova.com\/paisecatequistas\/files\/2010\/06\/os_brinquedos.jpg\" alt=\"\" width=\"380\" height=\"471\" \/><\/a><\/p>\n<p><a href=\"http:\/\/blog.cancaonova.com\/paisecatequistas\/files\/2010\/06\/os_brinquedos1.jpg\"><img loading=\"lazy\" decoding=\"async\" class=\"alignnone size-full wp-image-1471\" src=\"http:\/\/blog.cancaonova.com\/paisecatequistas\/files\/2010\/06\/os_brinquedos1.jpg\" alt=\"\" width=\"380\" height=\"471\" \/><\/a><\/p>\n<p><a href=\"http:\/\/blog.cancaonova.com\/paisecatequistas\/files\/2010\/06\/os_brinquedos2.jpg\"><img loading=\"lazy\" decoding=\"async\" class=\"alignnone size-full wp-image-1472\" src=\"http:\/\/blog.cancaonova.com\/paisecatequistas\/files\/2010\/06\/os_brinquedos2.jpg\" alt=\"\" width=\"380\" height=\"471\" \/><\/a><\/p>\n<p>Texto\u00a0e desenhos: Tia Adelita<\/p>\n","protected":false},"excerpt":{"rendered":"<p>Ol\u00e1 pais e catequistas. Historinha do Ratinho Rui para reflex\u00e3o. At\u00e9 a pr\u00f3xima. Texto\u00a0e desenhos: Tia Adelita<\/p>\n","protected":false},"author":4340,"featured_media":0,"comment_status":"open","ping_status":"open","sticky":false,"template":"","format":"standard","meta":{"_mi_skip_tracking":false,"_monsterinsights_sitenote_active":false,"_monsterinsights_sitenote_note":"","_monsterinsights_sitenote_category":0,"footnotes":""},"categories":[23],"tags":[102577,37047,19413,102574,311,102575],"_links":{"self":[{"href":"https:\/\/blog.cancaonova.com\/paisecatequistas\/wp-json\/wp\/v2\/posts\/1469"}],"collection":[{"href":"https:\/\/blog.cancaonova.com\/paisecatequistas\/wp-json\/wp\/v2\/posts"}],"about":[{"href":"https:\/\/blog.cancaonova.com\/paisecatequistas\/wp-json\/wp\/v2\/types\/post"}],"author":[{"embeddable":true,"href":"https:\/\/blog.cancaonova.com\/paisecatequistas\/wp-json\/wp\/v2\/users\/4340"}],"replies":[{"embeddable":true,"href":"https:\/\/blog.cancaonova.com\/paisecatequistas\/wp-json\/wp\/v2\/comments?post=1469"}],"version-history":[{"count":4,"href":"https:\/\/blog.cancaonova.com\/paisecatequistas\/wp-json\/wp\/v2\/posts\/1469\/revisions"}],"predecessor-version":[{"id":1619,"href":"https:\/\/blog.cancaonova.com\/paisecatequistas\/wp-json\/wp\/v2\/posts\/1469\/revisions\/1619"}],"wp:attachment":[{"href":"https:\/\/blog.cancaonova.com\/paisecatequistas\/wp-json\/wp\/v2\/media?parent=1469"}],"wp:term":[{"taxonomy":"category","embeddable":true,"href":"https:\/\/blog.cancaonova.com\/paisecatequistas\/wp-json\/wp\/v2\/categories?post=1469"},{"taxonomy":"post_tag","embeddable":true,"href":"https:\/\/blog.cancaonova.com\/paisecatequistas\/wp-json\/wp\/v2\/tags?post=1469"}],"curies":[{"name":"wp","href":"https:\/\/api.w.org\/{rel}","templated":true}]}}