{"id":14712,"date":"2023-07-21T13:36:46","date_gmt":"2023-07-21T15:36:46","guid":{"rendered":"http:\/\/blog.cancaonova.com\/paisecatequistas\/?p=14712"},"modified":"2023-07-21T16:40:09","modified_gmt":"2023-07-21T18:40:09","slug":"familia-e-tudo-de-bom","status":"publish","type":"post","link":"https:\/\/blog.cancaonova.com\/paisecatequistas\/familia-e-tudo-de-bom\/","title":{"rendered":"Fam\u00edlia \u00e9 tudo de bom!"},"content":{"rendered":"<p>Como \u00e9 bom estar em fam\u00edlia, estar com aqueles que amamos e que tamb\u00e9m nos amam!<\/p>\n<p>A Abelhinha Bela gosta tanto de estar em fam\u00edlia, que preparou um presente especial! Vamos juntos descobrir que presente \u00e9 esse?<\/p>\n<p><iframe loading=\"lazy\" title=\"Tia Adelita e Abelhinha Bela - Fam\u00c3\u00adlia: tudo de bom!\" width=\"600\" height=\"338\" src=\"https:\/\/www.youtube.com\/embed\/ehpSF_9wBLQ?feature=oembed&amp;rel=0\" frameborder=\"0\" allow=\"accelerometer; autoplay; clipboard-write; encrypted-media; gyroscope; picture-in-picture; web-share\" referrerpolicy=\"strict-origin-when-cross-origin\" allowfullscreen><\/iframe><\/p>\n<p>Voc\u00ea gostou do presente que a Bela preparou para a sua fam\u00edlia?<\/p>\n<p>&nbsp;<\/p>\n","protected":false},"excerpt":{"rendered":"<p>Como \u00e9 bom estar em fam\u00edlia, estar com aqueles que amamos e que tamb\u00e9m nos amam! A Abelhinha Bela gosta tanto de estar em fam\u00edlia, que preparou um presente especial! Vamos juntos descobrir que presente \u00e9 esse? Voc\u00ea gostou do&#8230;<\/p>\n","protected":false},"author":4340,"featured_media":14713,"comment_status":"open","ping_status":"open","sticky":false,"template":"","format":"standard","meta":{"_mi_skip_tracking":false,"_monsterinsights_sitenote_active":false,"_monsterinsights_sitenote_note":"","_monsterinsights_sitenote_category":0,"footnotes":""},"categories":[1],"tags":[],"_links":{"self":[{"href":"https:\/\/blog.cancaonova.com\/paisecatequistas\/wp-json\/wp\/v2\/posts\/14712"}],"collection":[{"href":"https:\/\/blog.cancaonova.com\/paisecatequistas\/wp-json\/wp\/v2\/posts"}],"about":[{"href":"https:\/\/blog.cancaonova.com\/paisecatequistas\/wp-json\/wp\/v2\/types\/post"}],"author":[{"embeddable":true,"href":"https:\/\/blog.cancaonova.com\/paisecatequistas\/wp-json\/wp\/v2\/users\/4340"}],"replies":[{"embeddable":true,"href":"https:\/\/blog.cancaonova.com\/paisecatequistas\/wp-json\/wp\/v2\/comments?post=14712"}],"version-history":[{"count":2,"href":"https:\/\/blog.cancaonova.com\/paisecatequistas\/wp-json\/wp\/v2\/posts\/14712\/revisions"}],"predecessor-version":[{"id":14715,"href":"https:\/\/blog.cancaonova.com\/paisecatequistas\/wp-json\/wp\/v2\/posts\/14712\/revisions\/14715"}],"wp:featuredmedia":[{"embeddable":true,"href":"https:\/\/blog.cancaonova.com\/paisecatequistas\/wp-json\/wp\/v2\/media\/14713"}],"wp:attachment":[{"href":"https:\/\/blog.cancaonova.com\/paisecatequistas\/wp-json\/wp\/v2\/media?parent=14712"}],"wp:term":[{"taxonomy":"category","embeddable":true,"href":"https:\/\/blog.cancaonova.com\/paisecatequistas\/wp-json\/wp\/v2\/categories?post=14712"},{"taxonomy":"post_tag","embeddable":true,"href":"https:\/\/blog.cancaonova.com\/paisecatequistas\/wp-json\/wp\/v2\/tags?post=14712"}],"curies":[{"name":"wp","href":"https:\/\/api.w.org\/{rel}","templated":true}]}}