{"id":14716,"date":"2023-07-24T10:03:04","date_gmt":"2023-07-24T12:03:04","guid":{"rendered":"http:\/\/blog.cancaonova.com\/paisecatequistas\/?p=14716"},"modified":"2024-05-20T11:41:11","modified_gmt":"2024-05-20T13:41:11","slug":"eucaristia-e-maria","status":"publish","type":"post","link":"https:\/\/blog.cancaonova.com\/paisecatequistas\/eucaristia-e-maria\/","title":{"rendered":"Eucaristia e Maria"},"content":{"rendered":"<p>Dom Bosco, um dia, teve um sonho prof\u00e9tico:<\/p>\n<p>No comando de uma grande embarca\u00e7\u00e3o, estava o Papa; de repente, v\u00e1rios navios de guerra come\u00e7aram a atacar. Ent\u00e3o, aparecem duas colunas enormes. Em cima de uma delas, est\u00e1 a Virgem Maria; no topo da coluna maior, est\u00e1 a Eucaristia.<\/p>\n<p>O Papa, ent\u00e3o, conduz o navio para as duas colunas, porque ele sabe que ali \u00e9 o lugar mais seguro para ancorar sua embarca\u00e7\u00e3o.<\/p>\n<p>Foi s\u00f3 atracar o navio nas colunas para come\u00e7ar uma grande confus\u00e3o entre os inimigos.<\/p>\n<p>Eles come\u00e7aram a se afastar, bater uns nos outros, e afundaram; finalmente, o mar se acalmou.<\/p>\n<p>Cat\u00f3licos, para enfrentarem os &#8220;mares agitados&#8221;, devem se &#8220;ancorar&#8221; nessas duas colunas: a Eucaristia e Maria \u2013 a Missa e o Ros\u00e1rio. S\u00f3 assim a Igreja cat\u00f3lica resistir\u00e1 a todos os ataques do inimigo.<\/p>\n<p><iframe loading=\"lazy\" title=\"Clubinho do Jonas - Eucaristia e Maria\" width=\"600\" height=\"338\" src=\"https:\/\/www.youtube.com\/embed\/XupJw2X1BsA?list=PLNlRgLhNKHifrs4Seg3tbXXkRz9CagfyL&amp;rel=0\" frameborder=\"0\" allow=\"accelerometer; autoplay; clipboard-write; encrypted-media; gyroscope; picture-in-picture; web-share\" referrerpolicy=\"strict-origin-when-cross-origin\" allowfullscreen><\/iframe><\/p>\n","protected":false},"excerpt":{"rendered":"<p>Dom Bosco um dia teve um sonho prof\u00e9tico:<\/p>\n<p>No comando de uma grande embarca\u00e7\u00e3o, estava o Papa; de repente, v\u00e1rios navios de guerra come\u00e7aram a atacar. Ent\u00e3o, aparecem duas colunas enormes. Em cima de uma delas, est\u00e1 a Virgem Maria; no topo da coluna maior est\u00e1 a Eucaristia. <a href=\"https:\/\/blog.cancaonova.com\/paisecatequistas\/eucaristia-e-maria\/\">Continue lendo <span class=\"meta-nav\">&rarr;<\/span><\/a><\/p>\n","protected":false},"author":4340,"featured_media":17407,"comment_status":"open","ping_status":"open","sticky":false,"template":"","format":"standard","meta":{"_mi_skip_tracking":false,"_monsterinsights_sitenote_active":false,"_monsterinsights_sitenote_note":"","_monsterinsights_sitenote_category":0,"footnotes":""},"categories":[14931],"tags":[3671,218952,231,2231],"_links":{"self":[{"href":"https:\/\/blog.cancaonova.com\/paisecatequistas\/wp-json\/wp\/v2\/posts\/14716"}],"collection":[{"href":"https:\/\/blog.cancaonova.com\/paisecatequistas\/wp-json\/wp\/v2\/posts"}],"about":[{"href":"https:\/\/blog.cancaonova.com\/paisecatequistas\/wp-json\/wp\/v2\/types\/post"}],"author":[{"embeddable":true,"href":"https:\/\/blog.cancaonova.com\/paisecatequistas\/wp-json\/wp\/v2\/users\/4340"}],"replies":[{"embeddable":true,"href":"https:\/\/blog.cancaonova.com\/paisecatequistas\/wp-json\/wp\/v2\/comments?post=14716"}],"version-history":[{"count":6,"href":"https:\/\/blog.cancaonova.com\/paisecatequistas\/wp-json\/wp\/v2\/posts\/14716\/revisions"}],"predecessor-version":[{"id":14770,"href":"https:\/\/blog.cancaonova.com\/paisecatequistas\/wp-json\/wp\/v2\/posts\/14716\/revisions\/14770"}],"wp:featuredmedia":[{"embeddable":true,"href":"https:\/\/blog.cancaonova.com\/paisecatequistas\/wp-json\/wp\/v2\/media\/17407"}],"wp:attachment":[{"href":"https:\/\/blog.cancaonova.com\/paisecatequistas\/wp-json\/wp\/v2\/media?parent=14716"}],"wp:term":[{"taxonomy":"category","embeddable":true,"href":"https:\/\/blog.cancaonova.com\/paisecatequistas\/wp-json\/wp\/v2\/categories?post=14716"},{"taxonomy":"post_tag","embeddable":true,"href":"https:\/\/blog.cancaonova.com\/paisecatequistas\/wp-json\/wp\/v2\/tags?post=14716"}],"curies":[{"name":"wp","href":"https:\/\/api.w.org\/{rel}","templated":true}]}}