{"id":14730,"date":"2023-07-24T16:00:35","date_gmt":"2023-07-24T18:00:35","guid":{"rendered":"http:\/\/blog.cancaonova.com\/paisecatequistas\/?p=14730"},"modified":"2025-07-23T10:19:36","modified_gmt":"2025-07-23T12:19:36","slug":"hq-avos-tesouros-da-familia","status":"publish","type":"post","link":"https:\/\/blog.cancaonova.com\/paisecatequistas\/hq-avos-tesouros-da-familia\/","title":{"rendered":"HQ - Av\u00f3s, tesouros da fam\u00edlia"},"content":{"rendered":"<p>Com muito carinho, apresentamos a HQ <strong data-start=\"37\" data-end=\"68\">\u201cAv\u00f3s: Tesouros da Fam\u00edlia\u201d<\/strong> aqui no blog <em data-start=\"82\" data-end=\"102\">Pais e Catequistas<\/em>. Esta hist\u00f3ria em quadrinhos foi pensada para ajudar pais, catequistas e educadores a despertarem nas crian\u00e7as o amor, o respeito e a gratid\u00e3o pelos av\u00f3s \u2014 verdadeiros pilares de f\u00e9, sabedoria e carinho em nossas fam\u00edlias. Aproveite este material para trabalhar o valor da presen\u00e7a dos av\u00f3s na vida dos pequenos, especialmente no Dia dos Av\u00f3s. Boa leitura e partilha!<\/p>\n<p><a href=\"https:\/\/blog.cancaonova.com\/paisecatequistas\/files\/2023\/07\/hq-av%C3%B3s-tesouros-da-fam%C3%ADlia-compactado.pdf\"><img loading=\"lazy\" decoding=\"async\" class=\"wp-image-14731 alignnone\" src=\"http:\/\/blog.cancaonova.com\/paisecatequistas\/files\/2023\/07\/hq-av\u00f3s-tesouros-da-fam\u00edlia.jpg\" alt=\"\" width=\"876\" height=\"1239\" srcset=\"https:\/\/blog.cancaonova.com\/paisecatequistas\/files\/2023\/07\/hq-av\u00f3s-tesouros-da-fam\u00edlia.jpg 1414w, https:\/\/blog.cancaonova.com\/paisecatequistas\/files\/2023\/07\/hq-av\u00f3s-tesouros-da-fam\u00edlia-212x300.jpg 212w, https:\/\/blog.cancaonova.com\/paisecatequistas\/files\/2023\/07\/hq-av\u00f3s-tesouros-da-fam\u00edlia-768x1086.jpg 768w\" sizes=\"(max-width: 876px) 100vw, 876px\" \/><\/a><\/p>\n<p>&nbsp;<\/p>\n","protected":false},"excerpt":{"rendered":"<p>HQ com o Clubinho do Jonas e sua turma &#8211; clique para ler\u00a0 <a href=\"https:\/\/blog.cancaonova.com\/paisecatequistas\/hq-avos-tesouros-da-familia\/\">Continue lendo <span class=\"meta-nav\">&rarr;<\/span><\/a><\/p>\n","protected":false},"author":4340,"featured_media":19236,"comment_status":"closed","ping_status":"closed","sticky":false,"template":"","format":"standard","meta":{"_mi_skip_tracking":false,"_monsterinsights_sitenote_active":false,"_monsterinsights_sitenote_note":"","_monsterinsights_sitenote_category":0,"footnotes":""},"categories":[200710],"tags":[],"_links":{"self":[{"href":"https:\/\/blog.cancaonova.com\/paisecatequistas\/wp-json\/wp\/v2\/posts\/14730"}],"collection":[{"href":"https:\/\/blog.cancaonova.com\/paisecatequistas\/wp-json\/wp\/v2\/posts"}],"about":[{"href":"https:\/\/blog.cancaonova.com\/paisecatequistas\/wp-json\/wp\/v2\/types\/post"}],"author":[{"embeddable":true,"href":"https:\/\/blog.cancaonova.com\/paisecatequistas\/wp-json\/wp\/v2\/users\/4340"}],"replies":[{"embeddable":true,"href":"https:\/\/blog.cancaonova.com\/paisecatequistas\/wp-json\/wp\/v2\/comments?post=14730"}],"version-history":[{"count":4,"href":"https:\/\/blog.cancaonova.com\/paisecatequistas\/wp-json\/wp\/v2\/posts\/14730\/revisions"}],"predecessor-version":[{"id":19238,"href":"https:\/\/blog.cancaonova.com\/paisecatequistas\/wp-json\/wp\/v2\/posts\/14730\/revisions\/19238"}],"wp:featuredmedia":[{"embeddable":true,"href":"https:\/\/blog.cancaonova.com\/paisecatequistas\/wp-json\/wp\/v2\/media\/19236"}],"wp:attachment":[{"href":"https:\/\/blog.cancaonova.com\/paisecatequistas\/wp-json\/wp\/v2\/media?parent=14730"}],"wp:term":[{"taxonomy":"category","embeddable":true,"href":"https:\/\/blog.cancaonova.com\/paisecatequistas\/wp-json\/wp\/v2\/categories?post=14730"},{"taxonomy":"post_tag","embeddable":true,"href":"https:\/\/blog.cancaonova.com\/paisecatequistas\/wp-json\/wp\/v2\/tags?post=14730"}],"curies":[{"name":"wp","href":"https:\/\/api.w.org\/{rel}","templated":true}]}}