{"id":14790,"date":"2023-08-01T13:24:08","date_gmt":"2023-08-01T15:24:08","guid":{"rendered":"http:\/\/blog.cancaonova.com\/paisecatequistas\/?p=14790"},"modified":"2023-08-01T16:41:54","modified_gmt":"2023-08-01T18:41:54","slug":"vocacao-um-chamado-de-deus","status":"publish","type":"post","link":"https:\/\/blog.cancaonova.com\/paisecatequistas\/vocacao-um-chamado-de-deus\/","title":{"rendered":"Voca\u00e7\u00e3o: Um chamado de Deus!"},"content":{"rendered":"<p><span style=\"font-weight: 400\"><em>&#8220;Nossa primeira voca\u00e7\u00e3o \u00e9 a santidade. Seja casado, padre, religiosa ou solteiro, somos chamados a ser santos juntos!&#8221;<\/em>\u00a0(Padre Jonas Abib)<\/span><\/p>\n<p><span style=\"font-weight: 400\"><em>\u00a0\u201cSede pois santos, porque eu sou santo\u201d<\/em> (Lv 11,45).\u00a0<\/span><\/p>\n<p><span style=\"font-weight: 400\">A santidade vai acontecendo quando fazemos pequenos e grandes gestos de amor. Papa Francisco diz que \u201cCada santo \u00e9 uma miss\u00e3o\u201d, o que quer dizer que a miss\u00e3o da nossa vida \u00e9 ser santo, e \u00e9 o Esp\u00edrito Santo quem nos ajuda a descobrir nossa voca\u00e7\u00e3o e corresponder a ela, e isso nos ajuda a ser santos!<\/span><\/p>\n<p><em>N\u00e3o h\u00e1 voca\u00e7\u00e3o sem cruz. N\u00e3o h\u00e1 amor sem ren\u00fancia!<\/em>\u00a0(Padre Jonas Abib)<\/p>\n<p><a href=\"http:\/\/blog.cancaonova.com\/paisecatequistas\/files\/2023\/08\/04-e-05-2.jpg\"><img loading=\"lazy\" decoding=\"async\" class=\"alignright size-full wp-image-14807\" src=\"http:\/\/blog.cancaonova.com\/paisecatequistas\/files\/2023\/08\/04-e-05-2.jpg\" alt=\"\" width=\"3283\" height=\"2480\" srcset=\"https:\/\/blog.cancaonova.com\/paisecatequistas\/files\/2023\/08\/04-e-05-2.jpg 3283w, https:\/\/blog.cancaonova.com\/paisecatequistas\/files\/2023\/08\/04-e-05-2-300x227.jpg 300w, https:\/\/blog.cancaonova.com\/paisecatequistas\/files\/2023\/08\/04-e-05-2-768x580.jpg 768w\" sizes=\"(max-width: 3283px) 100vw, 3283px\" \/><\/a><\/p>\n<p>&nbsp;<\/p>\n<p>&nbsp;<\/p>\n","protected":false},"excerpt":{"rendered":"<p>&#8220;Nossa primeira voca\u00e7\u00e3o \u00e9 a santidade. Seja casado, padre, religiosa ou solteiro, somos chamados a ser santos juntos!&#8221;\u00a0(Padre Jonas Abib) \u00a0\u201cSede pois santos, porque eu sou santo\u201d (Lv 11,45).\u00a0 A santidade vai acontecendo quando fazemos pequenos e grandes gestos de&#8230;<\/p>\n","protected":false},"author":4340,"featured_media":14795,"comment_status":"open","ping_status":"open","sticky":false,"template":"","format":"standard","meta":{"_mi_skip_tracking":false,"_monsterinsights_sitenote_active":false,"_monsterinsights_sitenote_note":"","_monsterinsights_sitenote_category":0,"footnotes":""},"categories":[1],"tags":[],"_links":{"self":[{"href":"https:\/\/blog.cancaonova.com\/paisecatequistas\/wp-json\/wp\/v2\/posts\/14790"}],"collection":[{"href":"https:\/\/blog.cancaonova.com\/paisecatequistas\/wp-json\/wp\/v2\/posts"}],"about":[{"href":"https:\/\/blog.cancaonova.com\/paisecatequistas\/wp-json\/wp\/v2\/types\/post"}],"author":[{"embeddable":true,"href":"https:\/\/blog.cancaonova.com\/paisecatequistas\/wp-json\/wp\/v2\/users\/4340"}],"replies":[{"embeddable":true,"href":"https:\/\/blog.cancaonova.com\/paisecatequistas\/wp-json\/wp\/v2\/comments?post=14790"}],"version-history":[{"count":5,"href":"https:\/\/blog.cancaonova.com\/paisecatequistas\/wp-json\/wp\/v2\/posts\/14790\/revisions"}],"predecessor-version":[{"id":14808,"href":"https:\/\/blog.cancaonova.com\/paisecatequistas\/wp-json\/wp\/v2\/posts\/14790\/revisions\/14808"}],"wp:featuredmedia":[{"embeddable":true,"href":"https:\/\/blog.cancaonova.com\/paisecatequistas\/wp-json\/wp\/v2\/media\/14795"}],"wp:attachment":[{"href":"https:\/\/blog.cancaonova.com\/paisecatequistas\/wp-json\/wp\/v2\/media?parent=14790"}],"wp:term":[{"taxonomy":"category","embeddable":true,"href":"https:\/\/blog.cancaonova.com\/paisecatequistas\/wp-json\/wp\/v2\/categories?post=14790"},{"taxonomy":"post_tag","embeddable":true,"href":"https:\/\/blog.cancaonova.com\/paisecatequistas\/wp-json\/wp\/v2\/tags?post=14790"}],"curies":[{"name":"wp","href":"https:\/\/api.w.org\/{rel}","templated":true}]}}