{"id":14810,"date":"2023-08-03T09:58:36","date_gmt":"2023-08-03T11:58:36","guid":{"rendered":"http:\/\/blog.cancaonova.com\/paisecatequistas\/?p=14810"},"modified":"2023-08-03T11:28:44","modified_gmt":"2023-08-03T13:28:44","slug":"mae-e-rainha","status":"publish","type":"post","link":"https:\/\/blog.cancaonova.com\/paisecatequistas\/mae-e-rainha\/","title":{"rendered":"M\u00e3e e Rainha!"},"content":{"rendered":"<p>Na edi\u00e7\u00e3o de agosto da Revista Can\u00e7\u00e3o Nova Kids, as crian\u00e7as aprendem, junto com a Turminha do Clubinho, sobre as voca\u00e7\u00f5es. Al\u00e9m disso, vamos entender o motivo de Nossa Senhora ser a Rainha M\u00e3e. Por fim, n\u00e3o podem faltar os\u00a0ensinamentos do Catecismo, os jogos, as brincadeiras, os desenhos para colorir e, \u00e9 claro, a catequese com o Papa Francisco.<\/p>\n<p>Um conte\u00fado especial que diverte e evangeliza os pequeninos.<\/p>\n<p>Clique na imagem para ter uma pr\u00e9via da revista. Ela est\u00e1 linda!<\/p>\n<p><a href=\"https:\/\/img.cancaonova.com\/cnimages\/canais\/uploads\/sites\/12\/2023\/07\/Revista-Can%C3%A7%C3%A3o-Nova-Kids-Agosto-de-2023.pdf\"><img loading=\"lazy\" decoding=\"async\" class=\"size-full wp-image-14811 alignnone\" src=\"http:\/\/blog.cancaonova.com\/paisecatequistas\/files\/2023\/08\/revista-agosto.jpg\" alt=\"\" width=\"408\" height=\"618\" srcset=\"https:\/\/blog.cancaonova.com\/paisecatequistas\/files\/2023\/08\/revista-agosto.jpg 408w, https:\/\/blog.cancaonova.com\/paisecatequistas\/files\/2023\/08\/revista-agosto-198x300.jpg 198w\" sizes=\"(max-width: 408px) 100vw, 408px\" \/><\/a><\/p>\n","protected":false},"excerpt":{"rendered":"<p>Na edi\u00e7\u00e3o de agosto da Revista Can\u00e7\u00e3o Nova Kids, as crian\u00e7as aprendem, junto com a Turminha do Clubinho, sobre as voca\u00e7\u00f5es. Al\u00e9m disso, vamos entender o motivo de Nossa Senhora ser a Rainha M\u00e3e. Por fim, n\u00e3o podem faltar os\u00a0ensinamentos do Catecismo, os jogos, as brincadeiras, os desenhos para colorir e, \u00e9 claro, a catequese com o Papa Francisco. <a href=\"https:\/\/blog.cancaonova.com\/paisecatequistas\/mae-e-rainha\/\">Continue lendo <span class=\"meta-nav\">&rarr;<\/span><\/a><\/p>\n","protected":false},"author":4340,"featured_media":14812,"comment_status":"open","ping_status":"open","sticky":false,"template":"","format":"standard","meta":{"_mi_skip_tracking":false,"_monsterinsights_sitenote_active":false,"_monsterinsights_sitenote_note":"","_monsterinsights_sitenote_category":0,"footnotes":""},"categories":[1],"tags":[],"_links":{"self":[{"href":"https:\/\/blog.cancaonova.com\/paisecatequistas\/wp-json\/wp\/v2\/posts\/14810"}],"collection":[{"href":"https:\/\/blog.cancaonova.com\/paisecatequistas\/wp-json\/wp\/v2\/posts"}],"about":[{"href":"https:\/\/blog.cancaonova.com\/paisecatequistas\/wp-json\/wp\/v2\/types\/post"}],"author":[{"embeddable":true,"href":"https:\/\/blog.cancaonova.com\/paisecatequistas\/wp-json\/wp\/v2\/users\/4340"}],"replies":[{"embeddable":true,"href":"https:\/\/blog.cancaonova.com\/paisecatequistas\/wp-json\/wp\/v2\/comments?post=14810"}],"version-history":[{"count":4,"href":"https:\/\/blog.cancaonova.com\/paisecatequistas\/wp-json\/wp\/v2\/posts\/14810\/revisions"}],"predecessor-version":[{"id":14819,"href":"https:\/\/blog.cancaonova.com\/paisecatequistas\/wp-json\/wp\/v2\/posts\/14810\/revisions\/14819"}],"wp:featuredmedia":[{"embeddable":true,"href":"https:\/\/blog.cancaonova.com\/paisecatequistas\/wp-json\/wp\/v2\/media\/14812"}],"wp:attachment":[{"href":"https:\/\/blog.cancaonova.com\/paisecatequistas\/wp-json\/wp\/v2\/media?parent=14810"}],"wp:term":[{"taxonomy":"category","embeddable":true,"href":"https:\/\/blog.cancaonova.com\/paisecatequistas\/wp-json\/wp\/v2\/categories?post=14810"},{"taxonomy":"post_tag","embeddable":true,"href":"https:\/\/blog.cancaonova.com\/paisecatequistas\/wp-json\/wp\/v2\/tags?post=14810"}],"curies":[{"name":"wp","href":"https:\/\/api.w.org\/{rel}","templated":true}]}}