{"id":14817,"date":"2023-08-03T11:48:49","date_gmt":"2023-08-03T13:48:49","guid":{"rendered":"http:\/\/blog.cancaonova.com\/paisecatequistas\/?p=14817"},"modified":"2023-08-03T14:47:33","modified_gmt":"2023-08-03T16:47:33","slug":"colorir-e-rezar","status":"publish","type":"post","link":"https:\/\/blog.cancaonova.com\/paisecatequistas\/colorir-e-rezar\/","title":{"rendered":"Colorir e rezar"},"content":{"rendered":"<p><strong>Augusta Rainha dos C\u00e9us<\/strong><\/p>\n<p>Augusta Rainha dos C\u00e9us, soberana mestra dos Anjos, V\u00f3s que, desde o princ\u00edpio, recebestes de Deus o poder e a miss\u00e3o de esmagar a cabe\u00e7a de Satan\u00e1s.<\/p>\n<p>N\u00f3s pedimos humildemente a V\u00f3s, enviai Vossas legi\u00f5es celestes para que, sob Vossas ordens e, por Vosso poder, elas persigam os dem\u00f4nios, combatendo-os por toda a parte. Reprimindo lhes a insol\u00eancia e lan\u00e7ando-0s no abismo.<\/p>\n<p>Quem \u00e9 como Deus?<\/p>\n<p>\u00d3 M\u00e3e de bondade e ternura, V\u00f3s sereis sempre o nosso amor e a nossa esperan\u00e7a.<\/p>\n<p>\u00d3 M\u00e3e Divina, enviai os Santos Anjos para nos defenderem e repeli para longe de n\u00f3s o cruel inimigo.<\/p>\n<p>Santos Anjos e Arcanjos, defendei-nos e guardai-nos.<\/p>\n<p>Am\u00e9m!<\/p>\n<p><strong>Vamos colorir?<\/strong><\/p>\n<p><a href=\"https:\/\/blog.cancaonova.com\/paisecatequistas\/files\/2023\/08\/m%C3%A3e-e-rainha-desenho-1.pdf\"><img loading=\"lazy\" decoding=\"async\" class=\"wp-image-14821 alignnone\" src=\"http:\/\/blog.cancaonova.com\/paisecatequistas\/files\/2023\/08\/m\u00e3e-e-rainha-desenho.jpg\" alt=\"\" width=\"672\" height=\"951\" srcset=\"https:\/\/blog.cancaonova.com\/paisecatequistas\/files\/2023\/08\/m\u00e3e-e-rainha-desenho.jpg 1414w, https:\/\/blog.cancaonova.com\/paisecatequistas\/files\/2023\/08\/m\u00e3e-e-rainha-desenho-212x300.jpg 212w, https:\/\/blog.cancaonova.com\/paisecatequistas\/files\/2023\/08\/m\u00e3e-e-rainha-desenho-768x1086.jpg 768w\" sizes=\"(max-width: 672px) 100vw, 672px\" \/><\/a><\/p>\n<p><a href=\"http:\/\/blog.cancaonova.com\/paisecatequistas\/files\/2023\/08\/m\u00e3e-e-rainha-desenho-1.jpg\"><img loading=\"lazy\" decoding=\"async\" class=\"wp-image-14820 alignnone\" src=\"http:\/\/blog.cancaonova.com\/paisecatequistas\/files\/2023\/08\/m\u00e3e-e-rainha-desenho-1.jpg\" alt=\"\" width=\"745\" height=\"1054\" srcset=\"https:\/\/blog.cancaonova.com\/paisecatequistas\/files\/2023\/08\/m\u00e3e-e-rainha-desenho-1.jpg 1414w, https:\/\/blog.cancaonova.com\/paisecatequistas\/files\/2023\/08\/m\u00e3e-e-rainha-desenho-1-212x300.jpg 212w, https:\/\/blog.cancaonova.com\/paisecatequistas\/files\/2023\/08\/m\u00e3e-e-rainha-desenho-1-768x1086.jpg 768w\" sizes=\"(max-width: 745px) 100vw, 745px\" \/><\/a><\/p>\n<p>&nbsp;<\/p>\n<p>&nbsp;<\/p>\n","protected":false},"excerpt":{"rendered":"<p>Ora\u00e7\u00e3o &#8211; Augusta Rainha do C\u00e9u <a href=\"https:\/\/blog.cancaonova.com\/paisecatequistas\/colorir-e-rezar\/\">Continue lendo <span class=\"meta-nav\">&rarr;<\/span><\/a><\/p>\n","protected":false},"author":4340,"featured_media":14826,"comment_status":"open","ping_status":"open","sticky":false,"template":"","format":"standard","meta":{"_mi_skip_tracking":false,"_monsterinsights_sitenote_active":false,"_monsterinsights_sitenote_note":"","_monsterinsights_sitenote_category":0,"footnotes":""},"categories":[1],"tags":[],"_links":{"self":[{"href":"https:\/\/blog.cancaonova.com\/paisecatequistas\/wp-json\/wp\/v2\/posts\/14817"}],"collection":[{"href":"https:\/\/blog.cancaonova.com\/paisecatequistas\/wp-json\/wp\/v2\/posts"}],"about":[{"href":"https:\/\/blog.cancaonova.com\/paisecatequistas\/wp-json\/wp\/v2\/types\/post"}],"author":[{"embeddable":true,"href":"https:\/\/blog.cancaonova.com\/paisecatequistas\/wp-json\/wp\/v2\/users\/4340"}],"replies":[{"embeddable":true,"href":"https:\/\/blog.cancaonova.com\/paisecatequistas\/wp-json\/wp\/v2\/comments?post=14817"}],"version-history":[{"count":3,"href":"https:\/\/blog.cancaonova.com\/paisecatequistas\/wp-json\/wp\/v2\/posts\/14817\/revisions"}],"predecessor-version":[{"id":14835,"href":"https:\/\/blog.cancaonova.com\/paisecatequistas\/wp-json\/wp\/v2\/posts\/14817\/revisions\/14835"}],"wp:featuredmedia":[{"embeddable":true,"href":"https:\/\/blog.cancaonova.com\/paisecatequistas\/wp-json\/wp\/v2\/media\/14826"}],"wp:attachment":[{"href":"https:\/\/blog.cancaonova.com\/paisecatequistas\/wp-json\/wp\/v2\/media?parent=14817"}],"wp:term":[{"taxonomy":"category","embeddable":true,"href":"https:\/\/blog.cancaonova.com\/paisecatequistas\/wp-json\/wp\/v2\/categories?post=14817"},{"taxonomy":"post_tag","embeddable":true,"href":"https:\/\/blog.cancaonova.com\/paisecatequistas\/wp-json\/wp\/v2\/tags?post=14817"}],"curies":[{"name":"wp","href":"https:\/\/api.w.org\/{rel}","templated":true}]}}