{"id":14884,"date":"2023-08-07T10:14:45","date_gmt":"2023-08-07T12:14:45","guid":{"rendered":"http:\/\/blog.cancaonova.com\/paisecatequistas\/?p=14884"},"modified":"2026-04-23T10:52:01","modified_gmt":"2026-04-23T12:52:01","slug":"eu-sonho-ser-padre","status":"publish","type":"post","link":"https:\/\/blog.cancaonova.com\/paisecatequistas\/eu-sonho-ser-padre\/","title":{"rendered":"A missa, o tur\u00edbulo e o meu irm\u00e3o"},"content":{"rendered":"<p>Padre Jonas nos conta que, desde menino, queria ser padre. Esse desejo s\u00f3 foi aumentando, e o sonho de crian\u00e7a se tornou realidade, pois, em toda a sua vida, n\u00e3o houve um dia que ele n\u00e3o quisesse ser padre.<\/p>\n<p>Vamos conhecer um pouco dessa hist\u00f3ria?<\/p>\n<p><img loading=\"lazy\" decoding=\"async\" class=\"aligncenter size-full wp-image-14893\" src=\"http:\/\/blog.cancaonova.com\/paisecatequistas\/files\/2023\/08\/28-e-29-OK.jpg\" alt=\"\" width=\"3307\" height=\"2539\" srcset=\"https:\/\/blog.cancaonova.com\/paisecatequistas\/files\/2023\/08\/28-e-29-OK.jpg 3307w, https:\/\/blog.cancaonova.com\/paisecatequistas\/files\/2023\/08\/28-e-29-OK-300x230.jpg 300w, https:\/\/blog.cancaonova.com\/paisecatequistas\/files\/2023\/08\/28-e-29-OK-768x590.jpg 768w\" sizes=\"(max-width: 3307px) 100vw, 3307px\" \/><\/p>\n<p>&nbsp;<\/p>\n","protected":false},"excerpt":{"rendered":"<p>Padre Jonas nos conta que, desde menino, queria ser padre. Esse desejo s\u00f3 foi aumentando, e o sonho de crian\u00e7a se tornou realidade, pois, em toda a sua vida, n\u00e3o houve um dia que ele n\u00e3o quisesse ser padre.<\/p>\n<p>Vamos conhecer um pouco dessa hist\u00f3ria? <a href=\"https:\/\/blog.cancaonova.com\/paisecatequistas\/eu-sonho-ser-padre\/\">Continue lendo <span class=\"meta-nav\">&rarr;<\/span><\/a><\/p>\n","protected":false},"author":4414,"featured_media":16476,"comment_status":"closed","ping_status":"closed","sticky":false,"template":"","format":"standard","meta":{"_mi_skip_tracking":false,"_monsterinsights_sitenote_active":false,"_monsterinsights_sitenote_note":"","_monsterinsights_sitenote_category":0,"footnotes":""},"categories":[200710],"tags":[16619,8001,3,20512,20666,18235,16120,951,16100,15901,219037],"_links":{"self":[{"href":"https:\/\/blog.cancaonova.com\/paisecatequistas\/wp-json\/wp\/v2\/posts\/14884"}],"collection":[{"href":"https:\/\/blog.cancaonova.com\/paisecatequistas\/wp-json\/wp\/v2\/posts"}],"about":[{"href":"https:\/\/blog.cancaonova.com\/paisecatequistas\/wp-json\/wp\/v2\/types\/post"}],"author":[{"embeddable":true,"href":"https:\/\/blog.cancaonova.com\/paisecatequistas\/wp-json\/wp\/v2\/users\/4414"}],"replies":[{"embeddable":true,"href":"https:\/\/blog.cancaonova.com\/paisecatequistas\/wp-json\/wp\/v2\/comments?post=14884"}],"version-history":[{"count":8,"href":"https:\/\/blog.cancaonova.com\/paisecatequistas\/wp-json\/wp\/v2\/posts\/14884\/revisions"}],"predecessor-version":[{"id":16477,"href":"https:\/\/blog.cancaonova.com\/paisecatequistas\/wp-json\/wp\/v2\/posts\/14884\/revisions\/16477"}],"wp:featuredmedia":[{"embeddable":true,"href":"https:\/\/blog.cancaonova.com\/paisecatequistas\/wp-json\/wp\/v2\/media\/16476"}],"wp:attachment":[{"href":"https:\/\/blog.cancaonova.com\/paisecatequistas\/wp-json\/wp\/v2\/media?parent=14884"}],"wp:term":[{"taxonomy":"category","embeddable":true,"href":"https:\/\/blog.cancaonova.com\/paisecatequistas\/wp-json\/wp\/v2\/categories?post=14884"},{"taxonomy":"post_tag","embeddable":true,"href":"https:\/\/blog.cancaonova.com\/paisecatequistas\/wp-json\/wp\/v2\/tags?post=14884"}],"curies":[{"name":"wp","href":"https:\/\/api.w.org\/{rel}","templated":true}]}}