{"id":14895,"date":"2023-08-07T14:17:17","date_gmt":"2023-08-07T16:17:17","guid":{"rendered":"http:\/\/blog.cancaonova.com\/paisecatequistas\/?p=14895"},"modified":"2025-07-30T09:16:26","modified_gmt":"2025-07-30T11:16:26","slug":"santa-teresa-benedita-da-cruz","status":"publish","type":"post","link":"https:\/\/blog.cancaonova.com\/paisecatequistas\/santa-teresa-benedita-da-cruz\/","title":{"rendered":"Santa Edith Stein: Filha de Israel e M\u00e1rtir da F\u00e9"},"content":{"rendered":"<h2 data-start=\"295\" data-end=\"319\">Inf\u00e2ncia e Forma\u00e7\u00e3o<\/h2>\n<p data-start=\"320\" data-end=\"392\">Edith Stein nasceu em <strong data-start=\"342\" data-end=\"380\">Bresl\u00e1via, Baixa Sil\u00e9sia (Pol\u00f4nia)<\/strong>, em 1891.<\/p>\n<ul>\n<li data-start=\"395\" data-end=\"448\">Era a <strong data-start=\"401\" data-end=\"414\">11\u00aa filha<\/strong> de uma fam\u00edlia judia fervorosa.<\/li>\n<li data-start=\"451\" data-end=\"512\">Seu pai faleceu quando ela ainda tinha <strong data-start=\"490\" data-end=\"509\">menos de 2 anos<\/strong>.<\/li>\n<li data-start=\"515\" data-end=\"556\">Foi educada pela m\u00e3e na <strong data-start=\"539\" data-end=\"553\">f\u00e9 judaica<\/strong>.<\/li>\n<\/ul>\n<p data-start=\"558\" data-end=\"697\">Na adolesc\u00eancia, atravessou uma <strong data-start=\"590\" data-end=\"605\">crise de f\u00e9<\/strong> e se afastou de Deus, dedicando-se aos estudos de <strong data-start=\"656\" data-end=\"696\">Filosofia na Universidade de Breslau<\/strong>.<\/p>\n<h2 data-start=\"704\" data-end=\"733\">O Encontro com a Verdade<\/h2>\n<p><img loading=\"lazy\" decoding=\"async\" class=\"wp-image-14896 alignnone\" src=\"http:\/\/blog.cancaonova.com\/paisecatequistas\/files\/2023\/08\/santa-edit.jpg\" alt=\"\" width=\"689\" height=\"459\" srcset=\"https:\/\/blog.cancaonova.com\/paisecatequistas\/files\/2023\/08\/santa-edit.jpg 900w, https:\/\/blog.cancaonova.com\/paisecatequistas\/files\/2023\/08\/santa-edit-300x200.jpg 300w, https:\/\/blog.cancaonova.com\/paisecatequistas\/files\/2023\/08\/santa-edit-768x512.jpg 768w\" sizes=\"(max-width: 689px) 100vw, 689px\" \/><\/p>\n<p data-start=\"734\" data-end=\"870\">Em 1921, a vida de Edith mudou radicalmente.<br data-start=\"778\" data-end=\"781\" \/>Ao ler a <em data-start=\"793\" data-end=\"832\">Autobiografia de Santa Teresa d\u2019\u00c1vila<\/em>, passou a noite inteira refletindo.<\/p>\n<p data-start=\"734\" data-end=\"870\">\u201cQuando fechei o livro, disse para mim mesma: <em data-start=\"919\" data-end=\"937\">\u00e9 esta a verdade<\/em>.\u201d<\/p>\n<p data-start=\"943\" data-end=\"1079\">No ano seguinte, em <strong data-start=\"963\" data-end=\"971\">1922<\/strong>, recebeu o <strong data-start=\"983\" data-end=\"1005\">Batismo e a Crisma<\/strong>, mesmo contra a vontade da m\u00e3e.<br data-start=\"1037\" data-end=\"1040\" \/>Nunca renegou suas <strong data-start=\"1059\" data-end=\"1078\">ra\u00edzes judaicas<\/strong>.<\/p>\n<h2 data-start=\"1086\" data-end=\"1105\">Vida Religiosa<\/h2>\n<ul>\n<li data-start=\"1108\" data-end=\"1154\">Usou seus dons acad\u00eamicos a servi\u00e7o de Deus.<\/li>\n<li data-start=\"1157\" data-end=\"1245\">Em <strong data-start=\"1160\" data-end=\"1168\">1934<\/strong>, ingressou no Carmelo de Col\u00f4nia, tornando-se <strong data-start=\"1215\" data-end=\"1242\">Teresa Benedita da Cruz<\/strong>.<\/li>\n<li data-start=\"1248\" data-end=\"1318\">Sua irm\u00e3 <strong data-start=\"1257\" data-end=\"1265\">Rosa<\/strong> tamb\u00e9m se converteu e passou a servir no convento.<\/li>\n<\/ul>\n<h2 data-start=\"1325\" data-end=\"1352\">A Prova da Persegui\u00e7\u00e3o<\/h2>\n<p data-start=\"1353\" data-end=\"1546\">Durante a <strong data-start=\"1363\" data-end=\"1386\">persegui\u00e7\u00e3o nazista<\/strong>, Edith e Rosa foram transferidas para o <strong data-start=\"1427\" data-end=\"1458\">Carmelo de Echt, na Holanda<\/strong>.<br data-start=\"1459\" data-end=\"1462\" \/>Em 1942, ap\u00f3s um pronunciamento dos bispos contra as deporta\u00e7\u00f5es, Hitler retaliou:<\/p>\n<ul>\n<li data-start=\"1549\" data-end=\"1577\">Conventos foram invadidos.<\/li>\n<li data-start=\"1580\" data-end=\"1671\">Edith, Rosa e outros <strong data-start=\"1601\" data-end=\"1625\">244 judeus cat\u00f3licos<\/strong> foram presos e enviados para <strong data-start=\"1655\" data-end=\"1668\">Auschwitz<\/strong>.<\/li>\n<\/ul>\n<p data-start=\"1673\" data-end=\"1697\">Mesmo no campo, Edith:<\/p>\n<ul>\n<li data-start=\"1700\" data-end=\"1736\">Cuidava das crian\u00e7as encarceradas.<\/li>\n<li data-start=\"1739\" data-end=\"1795\">Consolava e ensinava o <strong data-start=\"1762\" data-end=\"1792\">Evangelho aos prisioneiros<\/strong>.<\/li>\n<\/ul>\n<h2 data-start=\"1802\" data-end=\"1827\">Mart\u00edrio e Santidade<\/h2>\n<p data-start=\"1828\" data-end=\"1948\">Em <strong data-start=\"1831\" data-end=\"1849\">agosto de 1942<\/strong>, Edith e sua irm\u00e3 morreram nas <strong data-start=\"1881\" data-end=\"1912\">c\u00e2maras de g\u00e1s de Auschwitz<\/strong>.<br data-start=\"1913\" data-end=\"1916\" \/>Seus corpos foram incinerados.<\/p>\n<p data-start=\"1950\" data-end=\"2092\">Em 1998, foi <strong data-start=\"1966\" data-end=\"1988\">canonizada em Roma<\/strong> pelo Papa <strong data-start=\"1999\" data-end=\"2016\">Jo\u00e3o Paulo II<\/strong>, tornando-se um <strong data-start=\"2033\" data-end=\"2089\">s\u00edmbolo de f\u00e9, coragem e amor incondicional a Cristo<\/strong>.<\/p>\n<h2 data-start=\"2099\" data-end=\"2112\">Legado<\/h2>\n<p data-start=\"2113\" data-end=\"2148\">Santa Edith Stein nos ensina que:<\/p>\n<ul>\n<li data-start=\"2151\" data-end=\"2189\">A <strong data-start=\"2153\" data-end=\"2164\">verdade<\/strong> se encontra em Cristo.<\/li>\n<li data-start=\"2192\" data-end=\"2246\">A <strong data-start=\"2194\" data-end=\"2200\">f\u00e9<\/strong> pode florescer mesmo em meio \u00e0 persegui\u00e7\u00e3o.<\/li>\n<li data-start=\"2249\" data-end=\"2302\">O <strong data-start=\"2251\" data-end=\"2271\">amor e o servi\u00e7o<\/strong> s\u00e3o mais fortes que a morte.<\/li>\n<\/ul>\n<blockquote data-start=\"2304\" data-end=\"2348\">\n<p data-start=\"2306\" data-end=\"2348\"><strong data-start=\"2306\" data-end=\"2343\">Santa Edith Stein, rogai por n\u00f3s!<\/strong> \ud83d\ude4f<\/p>\n<\/blockquote>\n<p><a href=\"http:\/\/blog.cancaonova.com\/paisecatequistas\/files\/2023\/08\/edith-stein.png\"><img loading=\"lazy\" decoding=\"async\" class=\" wp-image-19250 alignnone\" src=\"http:\/\/blog.cancaonova.com\/paisecatequistas\/files\/2023\/08\/edith-stein.png\" alt=\"\" width=\"727\" height=\"889\" srcset=\"https:\/\/blog.cancaonova.com\/paisecatequistas\/files\/2023\/08\/edith-stein.png 1080w, https:\/\/blog.cancaonova.com\/paisecatequistas\/files\/2023\/08\/edith-stein-245x300.png 245w, https:\/\/blog.cancaonova.com\/paisecatequistas\/files\/2023\/08\/edith-stein-768x939.png 768w\" sizes=\"(max-width: 727px) 100vw, 727px\" \/><\/a><\/p>\n<p><em>\u201c\u00d3\u00a0Santa Teresa Benedita da Cruz, ajuda-me a ter um encontro verdadeiro com Jesus, a fim de morrer para as coisas deste mundo e viver apenas para Ele. Santa\u00a0Edith Stein, interceda por mim a Deus Pai, para que logo estejamos todos juntos no para\u00edso. Am\u00e9m.\u201d\u00a0<\/em><\/p>\n<p><strong>Santa Teresa Benedita da Cruz (Edith Stein), rogai por n\u00f3s!<\/strong><\/p>\n<p>fonte: <a href=\"https:\/\/santo.cancaonova.com\/santo\/santa-teresa-benedita-da-cruz-edith-stein-martir\/\">Santo do dia &#8211; CN<\/a><\/p>\n","protected":false},"excerpt":{"rendered":"<p>Inf\u00e2ncia e Forma\u00e7\u00e3o Edith Stein nasceu em Bresl\u00e1via, Baixa Sil\u00e9sia (Pol\u00f4nia), em 1891. Era a 11\u00aa filha de uma fam\u00edlia judia fervorosa. Seu pai faleceu quando ela ainda tinha menos de 2 anos. Foi educada pela m\u00e3e na f\u00e9 judaica&#8230;.<\/p>\n","protected":false},"author":4414,"featured_media":14896,"comment_status":"closed","ping_status":"closed","sticky":false,"template":"","format":"standard","meta":{"_mi_skip_tracking":false,"_monsterinsights_sitenote_active":false,"_monsterinsights_sitenote_note":"","_monsterinsights_sitenote_category":0,"footnotes":""},"categories":[200710],"tags":[],"_links":{"self":[{"href":"https:\/\/blog.cancaonova.com\/paisecatequistas\/wp-json\/wp\/v2\/posts\/14895"}],"collection":[{"href":"https:\/\/blog.cancaonova.com\/paisecatequistas\/wp-json\/wp\/v2\/posts"}],"about":[{"href":"https:\/\/blog.cancaonova.com\/paisecatequistas\/wp-json\/wp\/v2\/types\/post"}],"author":[{"embeddable":true,"href":"https:\/\/blog.cancaonova.com\/paisecatequistas\/wp-json\/wp\/v2\/users\/4414"}],"replies":[{"embeddable":true,"href":"https:\/\/blog.cancaonova.com\/paisecatequistas\/wp-json\/wp\/v2\/comments?post=14895"}],"version-history":[{"count":12,"href":"https:\/\/blog.cancaonova.com\/paisecatequistas\/wp-json\/wp\/v2\/posts\/14895\/revisions"}],"predecessor-version":[{"id":19249,"href":"https:\/\/blog.cancaonova.com\/paisecatequistas\/wp-json\/wp\/v2\/posts\/14895\/revisions\/19249"}],"wp:featuredmedia":[{"embeddable":true,"href":"https:\/\/blog.cancaonova.com\/paisecatequistas\/wp-json\/wp\/v2\/media\/14896"}],"wp:attachment":[{"href":"https:\/\/blog.cancaonova.com\/paisecatequistas\/wp-json\/wp\/v2\/media?parent=14895"}],"wp:term":[{"taxonomy":"category","embeddable":true,"href":"https:\/\/blog.cancaonova.com\/paisecatequistas\/wp-json\/wp\/v2\/categories?post=14895"},{"taxonomy":"post_tag","embeddable":true,"href":"https:\/\/blog.cancaonova.com\/paisecatequistas\/wp-json\/wp\/v2\/tags?post=14895"}],"curies":[{"name":"wp","href":"https:\/\/api.w.org\/{rel}","templated":true}]}}