{"id":14912,"date":"2023-08-09T12:22:12","date_gmt":"2023-08-09T14:22:12","guid":{"rendered":"http:\/\/blog.cancaonova.com\/paisecatequistas\/?p=14912"},"modified":"2023-08-09T17:40:10","modified_gmt":"2023-08-09T19:40:10","slug":"assuncao-de-maria","status":"publish","type":"post","link":"https:\/\/blog.cancaonova.com\/paisecatequistas\/assuncao-de-maria\/","title":{"rendered":"O que \u00e9 a Assun\u00e7\u00e3o de Maria?"},"content":{"rendered":"<p>No dia 15 de agosto, celebramos a Solenidade da Assun\u00e7\u00e3o de Maria, mas, no Brasil, comemora-se no domingo mais pr\u00f3ximo, a fim de que todos possam participar desta data t\u00e3o importante.<\/p>\n<p>Voc\u00ea sabe o que significa &#8220;Assun\u00e7\u00e3o&#8221;?<\/p>\n<p>&nbsp;<\/p>\n<p><a href=\"http:\/\/blog.cancaonova.com\/paisecatequistas\/files\/2023\/08\/Revista-117-Agosto-2021-4.jpg\"><img loading=\"lazy\" decoding=\"async\" class=\"size-full wp-image-14947 alignnone\" src=\"http:\/\/blog.cancaonova.com\/paisecatequistas\/files\/2023\/08\/Revista-117-Agosto-2021-4.jpg\" alt=\"\" width=\"3188\" height=\"2421\" srcset=\"https:\/\/blog.cancaonova.com\/paisecatequistas\/files\/2023\/08\/Revista-117-Agosto-2021-4.jpg 3188w, https:\/\/blog.cancaonova.com\/paisecatequistas\/files\/2023\/08\/Revista-117-Agosto-2021-4-300x228.jpg 300w, https:\/\/blog.cancaonova.com\/paisecatequistas\/files\/2023\/08\/Revista-117-Agosto-2021-4-768x583.jpg 768w\" sizes=\"(max-width: 3188px) 100vw, 3188px\" \/><\/a><\/p>\n<p><a href=\"http:\/\/blog.cancaonova.com\/paisecatequistas\/files\/2023\/08\/ASSUN\u00c7\u00c3O-DE-MARIA.jpg\"><img loading=\"lazy\" decoding=\"async\" class=\"size-full wp-image-14924 alignnone\" src=\"http:\/\/blog.cancaonova.com\/paisecatequistas\/files\/2023\/08\/ASSUN\u00c7\u00c3O-DE-MARIA.jpg\" alt=\"\" width=\"1317\" height=\"1332\" srcset=\"https:\/\/blog.cancaonova.com\/paisecatequistas\/files\/2023\/08\/ASSUN\u00c7\u00c3O-DE-MARIA.jpg 1317w, https:\/\/blog.cancaonova.com\/paisecatequistas\/files\/2023\/08\/ASSUN\u00c7\u00c3O-DE-MARIA-297x300.jpg 297w, https:\/\/blog.cancaonova.com\/paisecatequistas\/files\/2023\/08\/ASSUN\u00c7\u00c3O-DE-MARIA-768x777.jpg 768w\" sizes=\"(max-width: 1317px) 100vw, 1317px\" \/><\/a> <a href=\"http:\/\/blog.cancaonova.com\/paisecatequistas\/files\/2023\/08\/21_08Assuncao.jpg\"><img loading=\"lazy\" decoding=\"async\" class=\"size-full wp-image-14925 alignnone\" src=\"http:\/\/blog.cancaonova.com\/paisecatequistas\/files\/2023\/08\/21_08Assuncao.jpg\" alt=\"\" width=\"1200\" height=\"1200\" srcset=\"https:\/\/blog.cancaonova.com\/paisecatequistas\/files\/2023\/08\/21_08Assuncao.jpg 1200w, https:\/\/blog.cancaonova.com\/paisecatequistas\/files\/2023\/08\/21_08Assuncao-150x150.jpg 150w, https:\/\/blog.cancaonova.com\/paisecatequistas\/files\/2023\/08\/21_08Assuncao-300x300.jpg 300w, https:\/\/blog.cancaonova.com\/paisecatequistas\/files\/2023\/08\/21_08Assuncao-768x768.jpg 768w\" sizes=\"(max-width: 1200px) 100vw, 1200px\" \/><\/a><\/p>\n<p>Colorir<\/p>\n<p>&nbsp;<\/p>\n<p><a href=\"https:\/\/blog.cancaonova.com\/paisecatequistas\/files\/2023\/08\/colorir-assun%C3%A7%C3%A3o.pdf\"><img loading=\"lazy\" decoding=\"async\" class=\"wp-image-14926 alignnone\" src=\"http:\/\/blog.cancaonova.com\/paisecatequistas\/files\/2023\/08\/ASSUN\u00c7\u00c3O_.jpg\" alt=\"\" width=\"1204\" height=\"1834\" srcset=\"https:\/\/blog.cancaonova.com\/paisecatequistas\/files\/2023\/08\/ASSUN\u00c7\u00c3O_.jpg 3256w, https:\/\/blog.cancaonova.com\/paisecatequistas\/files\/2023\/08\/ASSUN\u00c7\u00c3O_-197x300.jpg 197w, https:\/\/blog.cancaonova.com\/paisecatequistas\/files\/2023\/08\/ASSUN\u00c7\u00c3O_-768x1170.jpg 768w\" sizes=\"(max-width: 1204px) 100vw, 1204px\" \/><\/a><\/p>\n<p>&nbsp;<\/p>\n","protected":false},"excerpt":{"rendered":"<p>No dia 15 de agosto, celebramos a Solenidade da Assun\u00e7\u00e3o de Maria, mas, no Brasil, comemora-se no domingo mais pr\u00f3ximo, a fim de que todos possam participar desta data t\u00e3o importante. Voc\u00ea sabe o que significa &#8220;Assun\u00e7\u00e3o&#8221;? &nbsp; Colorir &nbsp;&#8230;<\/p>\n","protected":false},"author":4340,"featured_media":14927,"comment_status":"open","ping_status":"open","sticky":false,"template":"","format":"standard","meta":{"_mi_skip_tracking":false,"_monsterinsights_sitenote_active":false,"_monsterinsights_sitenote_note":"","_monsterinsights_sitenote_category":0,"footnotes":""},"categories":[1],"tags":[],"_links":{"self":[{"href":"https:\/\/blog.cancaonova.com\/paisecatequistas\/wp-json\/wp\/v2\/posts\/14912"}],"collection":[{"href":"https:\/\/blog.cancaonova.com\/paisecatequistas\/wp-json\/wp\/v2\/posts"}],"about":[{"href":"https:\/\/blog.cancaonova.com\/paisecatequistas\/wp-json\/wp\/v2\/types\/post"}],"author":[{"embeddable":true,"href":"https:\/\/blog.cancaonova.com\/paisecatequistas\/wp-json\/wp\/v2\/users\/4340"}],"replies":[{"embeddable":true,"href":"https:\/\/blog.cancaonova.com\/paisecatequistas\/wp-json\/wp\/v2\/comments?post=14912"}],"version-history":[{"count":7,"href":"https:\/\/blog.cancaonova.com\/paisecatequistas\/wp-json\/wp\/v2\/posts\/14912\/revisions"}],"predecessor-version":[{"id":14948,"href":"https:\/\/blog.cancaonova.com\/paisecatequistas\/wp-json\/wp\/v2\/posts\/14912\/revisions\/14948"}],"wp:featuredmedia":[{"embeddable":true,"href":"https:\/\/blog.cancaonova.com\/paisecatequistas\/wp-json\/wp\/v2\/media\/14927"}],"wp:attachment":[{"href":"https:\/\/blog.cancaonova.com\/paisecatequistas\/wp-json\/wp\/v2\/media?parent=14912"}],"wp:term":[{"taxonomy":"category","embeddable":true,"href":"https:\/\/blog.cancaonova.com\/paisecatequistas\/wp-json\/wp\/v2\/categories?post=14912"},{"taxonomy":"post_tag","embeddable":true,"href":"https:\/\/blog.cancaonova.com\/paisecatequistas\/wp-json\/wp\/v2\/tags?post=14912"}],"curies":[{"name":"wp","href":"https:\/\/api.w.org\/{rel}","templated":true}]}}