{"id":14950,"date":"2023-08-10T00:00:55","date_gmt":"2023-08-10T02:00:55","guid":{"rendered":"http:\/\/blog.cancaonova.com\/paisecatequistas\/?p=14950"},"modified":"2024-07-30T09:53:54","modified_gmt":"2024-07-30T11:53:54","slug":"sao-lourenco-2","status":"publish","type":"post","link":"https:\/\/blog.cancaonova.com\/paisecatequistas\/sao-lourenco-2\/","title":{"rendered":"S\u00e3o Louren\u00e7o, com f\u00e9 e bom humor at\u00e9 o fim"},"content":{"rendered":"<p>Um homem que amava muito a Deus. Amava-O tanto a ponto de escolher ser queimado vivo e morrer por amor a Deus em vez de negar a sua f\u00e9.\u00a0 Mesmo na dor, S\u00e3o Louren\u00e7o n\u00e3o perdeu o bom humor.<\/p>\n<p>Acredita que ele disse ao carrasco: <strong><em>&#8220;N\u00e3o v\u00eas que a minha carne est\u00e1 bastante grelhada deste lado, vire-me do outro?&#8221;.<\/em><\/strong><\/p>\n<p>S\u00e3o Louren\u00e7o, em seu mart\u00edrio, surpreendeu os seus algozes com bom humor.<\/p>\n<p><a href=\"http:\/\/blog.cancaonova.com\/paisecatequistas\/files\/2023\/08\/22.png\"><img loading=\"lazy\" decoding=\"async\" class=\"wp-image-14958 alignnone\" src=\"http:\/\/blog.cancaonova.com\/paisecatequistas\/files\/2023\/08\/22.png\" alt=\"\" width=\"1001\" height=\"883\" srcset=\"https:\/\/blog.cancaonova.com\/paisecatequistas\/files\/2023\/08\/22.png 1523w, https:\/\/blog.cancaonova.com\/paisecatequistas\/files\/2023\/08\/22-300x265.png 300w, https:\/\/blog.cancaonova.com\/paisecatequistas\/files\/2023\/08\/22-768x677.png 768w\" sizes=\"(max-width: 1001px) 100vw, 1001px\" \/><\/a><\/p>\n<p>Ali, naquela grelha, ainda achou for\u00e7as para rezar pela convers\u00e3o de Roma e agradecer a Deus pela gra\u00e7a do mart\u00edrio antes de morrer. Foi o Esp\u00edrito Santo quem lhe concedeu o Dom do Temor, pois o amor de Deus lan\u00e7a fora todo medo.<\/p>\n<p>Voc\u00ea sabe o que \u00e9 o Dom do Temor?<\/p>\n<p>N\u00e3o pense que esse dom \u00e9 ter medo de Deus. N\u00e3o \u00e9 nada disso! Pelo contr\u00e1rio. O Dom do Temor a Deus \u00e9 o Dom do Amor. Quem tem teme a Deus, O ama tanto que teme fazer qualquer coisa que possa vir a ofend\u00ea-Lo. Quem ama, teme entristecer Aquele a quem muito ama. Teme afastar-se d&#8217;Ele .<\/p>\n<p>S\u00e3o Louren\u00e7o dizia:\u00a0<em><strong>\u201cA missa \u00e9 o meu c\u00e9u na terra&#8221;.<\/strong><\/em><\/p>\n<ul>\n<li><a href=\"https:\/\/blog.cancaonova.com\/paisecatequistas\/2021\/08\/10\/sao-lourenco\/?preview_id=8068&amp;preview_nonce=abb2eb896a&amp;post_format=standard&amp;_thumbnail_id=12309&amp;preview=true\">10 de agosto dia de S\u00e3o Louren\u00e7o<\/a><\/li>\n<\/ul>\n<p><iframe loading=\"lazy\" title=\"S\u00c3\u00a3o Louren\u00c3\u00a7o\" width=\"600\" height=\"338\" src=\"https:\/\/www.youtube.com\/embed\/T94e5XRu_3M?feature=oembed&amp;rel=0\" frameborder=\"0\" allow=\"accelerometer; autoplay; clipboard-write; encrypted-media; gyroscope; picture-in-picture; web-share\" referrerpolicy=\"strict-origin-when-cross-origin\" allowfullscreen><\/iframe><\/p>\n<p>S\u00e3o Louren\u00e7o, rogai por n\u00f3s!<\/p>\n<p><a href=\"http:\/\/blog.cancaonova.com\/paisecatequistas\/files\/2023\/08\/23-S\u00c3O-LOUREN\u00c7O.png\"><img loading=\"lazy\" decoding=\"async\" class=\"size-full wp-image-14951 alignnone\" src=\"http:\/\/blog.cancaonova.com\/paisecatequistas\/files\/2023\/08\/23-S\u00c3O-LOUREN\u00c7O.png\" alt=\"\" width=\"378\" height=\"612\" srcset=\"https:\/\/blog.cancaonova.com\/paisecatequistas\/files\/2023\/08\/23-S\u00c3O-LOUREN\u00c7O.png 378w, https:\/\/blog.cancaonova.com\/paisecatequistas\/files\/2023\/08\/23-S\u00c3O-LOUREN\u00c7O-185x300.png 185w\" sizes=\"(max-width: 378px) 100vw, 378px\" \/><\/a><\/p>\n<p><a href=\"http:\/\/blog.cancaonova.com\/paisecatequistas\/files\/2023\/08\/s\u00e3o-louren\u00e7o.jpg\"><img loading=\"lazy\" decoding=\"async\" class=\" wp-image-14952 alignnone\" src=\"http:\/\/blog.cancaonova.com\/paisecatequistas\/files\/2023\/08\/s\u00e3o-louren\u00e7o.jpg\" alt=\"\" width=\"749\" height=\"499\" srcset=\"https:\/\/blog.cancaonova.com\/paisecatequistas\/files\/2023\/08\/s\u00e3o-louren\u00e7o.jpg 900w, https:\/\/blog.cancaonova.com\/paisecatequistas\/files\/2023\/08\/s\u00e3o-louren\u00e7o-300x200.jpg 300w, https:\/\/blog.cancaonova.com\/paisecatequistas\/files\/2023\/08\/s\u00e3o-louren\u00e7o-768x512.jpg 768w\" sizes=\"(max-width: 749px) 100vw, 749px\" \/><\/a><\/p>\n<p><a href=\"https:\/\/blog.cancaonova.com\/paisecatequistas\/files\/2023\/08\/colorir-s%C3%A3o-louren%C3%A7o-3.pdf\"><img loading=\"lazy\" decoding=\"async\" class=\" wp-image-14954 alignnone\" src=\"http:\/\/blog.cancaonova.com\/paisecatequistas\/files\/2023\/08\/276x21-1.jpg\" alt=\"\" width=\"691\" height=\"526\" srcset=\"https:\/\/blog.cancaonova.com\/paisecatequistas\/files\/2023\/08\/276x21-1.jpg 2000w, https:\/\/blog.cancaonova.com\/paisecatequistas\/files\/2023\/08\/276x21-1-300x228.jpg 300w, https:\/\/blog.cancaonova.com\/paisecatequistas\/files\/2023\/08\/276x21-1-768x584.jpg 768w\" sizes=\"(max-width: 691px) 100vw, 691px\" \/><\/a><\/p>\n<p>&nbsp;<\/p>\n<p>&nbsp;<\/p>\n","protected":false},"excerpt":{"rendered":"<p>Um homem que amava muito a Deus. Amava-O tanto a ponto de escolher ser queimado vivo e morrer por amor a Deus em vez de negar a sua f\u00e9.\u00a0 Mesmo na dor, S\u00e3o Louren\u00e7o n\u00e3o perdeu o bom humor.<\/p>\n<p>Acredita que ele disse ao carrasco: &#8220;N\u00e3o v\u00eas que a minha carne est\u00e1 bastante grelhada deste lado, vire-me do outro?&#8221;.<\/p>\n<p>S\u00e3o Louren\u00e7o, em seu mart\u00edrio, surpreendeu os seus algozes com bom humor. <a href=\"https:\/\/blog.cancaonova.com\/paisecatequistas\/sao-lourenco-2\/\">Continue lendo <span class=\"meta-nav\">&rarr;<\/span><\/a><\/p>\n","protected":false},"author":4340,"featured_media":17692,"comment_status":"open","ping_status":"open","sticky":false,"template":"","format":"standard","meta":{"_mi_skip_tracking":false,"_monsterinsights_sitenote_active":false,"_monsterinsights_sitenote_note":"","_monsterinsights_sitenote_category":0,"footnotes":""},"categories":[200710,271],"tags":[5011,16595,15521,26984,15792,5721,21272],"_links":{"self":[{"href":"https:\/\/blog.cancaonova.com\/paisecatequistas\/wp-json\/wp\/v2\/posts\/14950"}],"collection":[{"href":"https:\/\/blog.cancaonova.com\/paisecatequistas\/wp-json\/wp\/v2\/posts"}],"about":[{"href":"https:\/\/blog.cancaonova.com\/paisecatequistas\/wp-json\/wp\/v2\/types\/post"}],"author":[{"embeddable":true,"href":"https:\/\/blog.cancaonova.com\/paisecatequistas\/wp-json\/wp\/v2\/users\/4340"}],"replies":[{"embeddable":true,"href":"https:\/\/blog.cancaonova.com\/paisecatequistas\/wp-json\/wp\/v2\/comments?post=14950"}],"version-history":[{"count":9,"href":"https:\/\/blog.cancaonova.com\/paisecatequistas\/wp-json\/wp\/v2\/posts\/14950\/revisions"}],"predecessor-version":[{"id":17693,"href":"https:\/\/blog.cancaonova.com\/paisecatequistas\/wp-json\/wp\/v2\/posts\/14950\/revisions\/17693"}],"wp:featuredmedia":[{"embeddable":true,"href":"https:\/\/blog.cancaonova.com\/paisecatequistas\/wp-json\/wp\/v2\/media\/17692"}],"wp:attachment":[{"href":"https:\/\/blog.cancaonova.com\/paisecatequistas\/wp-json\/wp\/v2\/media?parent=14950"}],"wp:term":[{"taxonomy":"category","embeddable":true,"href":"https:\/\/blog.cancaonova.com\/paisecatequistas\/wp-json\/wp\/v2\/categories?post=14950"},{"taxonomy":"post_tag","embeddable":true,"href":"https:\/\/blog.cancaonova.com\/paisecatequistas\/wp-json\/wp\/v2\/tags?post=14950"}],"curies":[{"name":"wp","href":"https:\/\/api.w.org\/{rel}","templated":true}]}}