{"id":14982,"date":"2023-08-10T14:23:57","date_gmt":"2023-08-10T16:23:57","guid":{"rendered":"http:\/\/blog.cancaonova.com\/paisecatequistas\/?p=14982"},"modified":"2025-07-30T13:33:01","modified_gmt":"2025-07-30T15:33:01","slug":"santa-dulce-dos-pobres-2","status":"publish","type":"post","link":"https:\/\/blog.cancaonova.com\/paisecatequistas\/santa-dulce-dos-pobres-2\/","title":{"rendered":"Santa Dulce dos Pobres"},"content":{"rendered":"<h3>Voc\u00ea j\u00e1 ouviu esse nome? Sim? N\u00e3o?<\/h3>\n<p>Vou contar a hist\u00f3ria dela, que \u00e9 muito bonita! Irm\u00e3 Dulce nasceu na Bahia em 1914. Seu nome era Maria Rita, mas mudou para Irm\u00e3 Dulce, quando entrou no convento aos 19 anos. Desde pequena, ela j\u00e1 gostava muito de ajudar os pobres. Chegou a transformar sua casa num lugar de acolhimento aos moradores de rua. Dedicou toda sua vida para ajudar os pobres e doentes, por isso, ficou conhecida como \u201cO anjo bom da Bahia\u201d. Ela era muito simples e humilde e todos gostavam muito dela!<\/p>\n<p>S\u00e3o Jo\u00e3o Paulo II, quando ainda era Papa, esteve com ela. Madre Teresa de Calcut\u00e1 tamb\u00e9m j\u00e1 a encontrou. Sabe quem mais? Padre Jonas Abib! Eles t\u00eam at\u00e9 uma foto juntos!<\/p>\n<p>Ela morreu bem velhinha, aos 77 anos, mas deixou muitos frutos na terra! Ela era professora, ent\u00e3o, amava cuidar das crian\u00e7as.<\/p>\n<p>Atualmente, existe o projeto \u201cObras Sociais de Irm\u00e3 Dulce\u201d; e nele tem v\u00e1rias obras lindas como: escolas, hospitais e locais de atendimento aos pobres. Irm\u00e3 Dulce, ficou conhecida como Santa Dulce dos Pobres. Muitos alcan\u00e7am gra\u00e7as e milagres pela sua intercess\u00e3o.<\/p>\n<p>Nosso Papa Francisco j\u00e1 reconheceu a sua santidade!<\/p>\n<p><a href=\"http:\/\/blog.cancaonova.com\/paisecatequistas\/files\/2023\/08\/santa-dulce.jpg\"><img loading=\"lazy\" decoding=\"async\" class=\"size-full wp-image-14983 alignnone\" src=\"http:\/\/blog.cancaonova.com\/paisecatequistas\/files\/2023\/08\/santa-dulce.jpg\" alt=\"\" width=\"900\" height=\"600\" srcset=\"https:\/\/blog.cancaonova.com\/paisecatequistas\/files\/2023\/08\/santa-dulce.jpg 900w, https:\/\/blog.cancaonova.com\/paisecatequistas\/files\/2023\/08\/santa-dulce-300x200.jpg 300w, https:\/\/blog.cancaonova.com\/paisecatequistas\/files\/2023\/08\/santa-dulce-768x512.jpg 768w\" sizes=\"(max-width: 900px) 100vw, 900px\" \/><\/a><\/p>\n<p>Vamos colorir? <a href=\"https:\/\/blog.cancaonova.com\/paisecatequistas\/files\/2023\/08\/irma-dulce.pdf\">CLIQUE AQUI<\/a><\/p>\n<p><a href=\"http:\/\/blog.cancaonova.com\/paisecatequistas\/files\/2023\/08\/29-Santa-Dulce-dos-Pobres.jpg\"><img loading=\"lazy\" decoding=\"async\" class=\"size-full wp-image-14984 alignnone\" src=\"http:\/\/blog.cancaonova.com\/paisecatequistas\/files\/2023\/08\/29-Santa-Dulce-dos-Pobres.jpg\" alt=\"\" width=\"3366\" height=\"2480\" srcset=\"https:\/\/blog.cancaonova.com\/paisecatequistas\/files\/2023\/08\/29-Santa-Dulce-dos-Pobres.jpg 3366w, https:\/\/blog.cancaonova.com\/paisecatequistas\/files\/2023\/08\/29-Santa-Dulce-dos-Pobres-300x221.jpg 300w, https:\/\/blog.cancaonova.com\/paisecatequistas\/files\/2023\/08\/29-Santa-Dulce-dos-Pobres-768x566.jpg 768w\" sizes=\"(max-width: 3366px) 100vw, 3366px\" \/><\/a><\/p>\n<p>Vamos colorir, recortar e montar uma\u00a0 historia em quadrinhos?<\/p>\n<p>As cenas s\u00e3o para colorir, recortar e, depois, montar a sua HQ. Voc\u00ea pode imprimir<a href=\"https:\/\/blog.cancaonova.com\/paisecatequistas\/files\/2023\/08\/hq-um-trono.pdf\"> AQUI<\/a><a href=\"http:\/\/blog.cancaonova.com\/paisecatequistas\/files\/2023\/08\/IRM\u00c3-DULCE-pg-15-FIGURINHAS-1.jpg\"><img loading=\"lazy\" decoding=\"async\" class=\"wp-image-14986 alignnone\" src=\"http:\/\/blog.cancaonova.com\/paisecatequistas\/files\/2023\/08\/IRM\u00c3-DULCE-pg-15-FIGURINHAS-1.jpg\" alt=\"\" width=\"1417\" height=\"2078\" srcset=\"https:\/\/blog.cancaonova.com\/paisecatequistas\/files\/2023\/08\/IRM\u00c3-DULCE-pg-15-FIGURINHAS-1.jpg 3545w, https:\/\/blog.cancaonova.com\/paisecatequistas\/files\/2023\/08\/IRM\u00c3-DULCE-pg-15-FIGURINHAS-1-205x300.jpg 205w, https:\/\/blog.cancaonova.com\/paisecatequistas\/files\/2023\/08\/IRM\u00c3-DULCE-pg-15-FIGURINHAS-1-768x1126.jpg 768w\" sizes=\"(max-width: 1417px) 100vw, 1417px\" \/><\/a><\/p>\n<p><a href=\"http:\/\/blog.cancaonova.com\/paisecatequistas\/files\/2023\/08\/dulce.jpg\"><img loading=\"lazy\" decoding=\"async\" class=\" wp-image-15004 alignnone\" src=\"http:\/\/blog.cancaonova.com\/paisecatequistas\/files\/2023\/08\/dulce.jpg\" alt=\"\" width=\"1392\" height=\"1969\" srcset=\"https:\/\/blog.cancaonova.com\/paisecatequistas\/files\/2023\/08\/dulce.jpg 1414w, https:\/\/blog.cancaonova.com\/paisecatequistas\/files\/2023\/08\/dulce-212x300.jpg 212w, https:\/\/blog.cancaonova.com\/paisecatequistas\/files\/2023\/08\/dulce-768x1086.jpg 768w\" sizes=\"(max-width: 1392px) 100vw, 1392px\" \/><\/a><\/p>\n<p>&nbsp;<\/p>\n<p>&nbsp;<\/p>\n<p>&nbsp;<\/p>\n","protected":false},"excerpt":{"rendered":"<p>Vou contar a hist\u00f3ria dela, que \u00e9 muito bonita! Irm\u00e3 Dulce nasceu na Bahia em 1914. Seu nome era Maria Rita, mas mudou para Irm\u00e3 Dulce, quando entrou no convento aos 19 anos. Desde pequena, ela j\u00e1 gostava muito de ajudar os pobres. Chegou a transformar sua casa num lugar de acolhimento aos moradores de rua. Dedicou toda sua vida para ajudar os pobres e doentes, por isso, ficou conhecida como \u201cO anjo bom da Bahia\u201d. Ela era muito simples e humilde e todos gostavam muito dela! <a href=\"https:\/\/blog.cancaonova.com\/paisecatequistas\/santa-dulce-dos-pobres-2\/\">Continue lendo <span class=\"meta-nav\">&rarr;<\/span><\/a><\/p>\n","protected":false},"author":4340,"featured_media":14987,"comment_status":"closed","ping_status":"closed","sticky":false,"template":"","format":"standard","meta":{"_mi_skip_tracking":false,"_monsterinsights_sitenote_active":false,"_monsterinsights_sitenote_note":"","_monsterinsights_sitenote_category":0,"footnotes":""},"categories":[200710],"tags":[],"_links":{"self":[{"href":"https:\/\/blog.cancaonova.com\/paisecatequistas\/wp-json\/wp\/v2\/posts\/14982"}],"collection":[{"href":"https:\/\/blog.cancaonova.com\/paisecatequistas\/wp-json\/wp\/v2\/posts"}],"about":[{"href":"https:\/\/blog.cancaonova.com\/paisecatequistas\/wp-json\/wp\/v2\/types\/post"}],"author":[{"embeddable":true,"href":"https:\/\/blog.cancaonova.com\/paisecatequistas\/wp-json\/wp\/v2\/users\/4340"}],"replies":[{"embeddable":true,"href":"https:\/\/blog.cancaonova.com\/paisecatequistas\/wp-json\/wp\/v2\/comments?post=14982"}],"version-history":[{"count":7,"href":"https:\/\/blog.cancaonova.com\/paisecatequistas\/wp-json\/wp\/v2\/posts\/14982\/revisions"}],"predecessor-version":[{"id":19271,"href":"https:\/\/blog.cancaonova.com\/paisecatequistas\/wp-json\/wp\/v2\/posts\/14982\/revisions\/19271"}],"wp:featuredmedia":[{"embeddable":true,"href":"https:\/\/blog.cancaonova.com\/paisecatequistas\/wp-json\/wp\/v2\/media\/14987"}],"wp:attachment":[{"href":"https:\/\/blog.cancaonova.com\/paisecatequistas\/wp-json\/wp\/v2\/media?parent=14982"}],"wp:term":[{"taxonomy":"category","embeddable":true,"href":"https:\/\/blog.cancaonova.com\/paisecatequistas\/wp-json\/wp\/v2\/categories?post=14982"},{"taxonomy":"post_tag","embeddable":true,"href":"https:\/\/blog.cancaonova.com\/paisecatequistas\/wp-json\/wp\/v2\/tags?post=14982"}],"curies":[{"name":"wp","href":"https:\/\/api.w.org\/{rel}","templated":true}]}}