{"id":15071,"date":"2023-08-18T14:56:37","date_gmt":"2023-08-18T16:56:37","guid":{"rendered":"http:\/\/blog.cancaonova.com\/paisecatequistas\/?p=15071"},"modified":"2023-10-13T10:42:08","modified_gmt":"2023-10-13T12:42:08","slug":"imaculado-coracao-de-maria-refugio-para-familias","status":"publish","type":"post","link":"https:\/\/blog.cancaonova.com\/paisecatequistas\/imaculado-coracao-de-maria-refugio-para-familias\/","title":{"rendered":"Kair\u00f3s Kids 2023 - Cora\u00e7\u00e3o Imaculado de Maria: ref\u00fagio para as fam\u00edlias"},"content":{"rendered":"<p>Pais e catequistas, chegou aquela data especial. Anote em sua agenda, se organizem e venham participar conosco do Kair\u00f3s Kids 2023.<\/p>\n<p>No dia 15 de outubro, esperamos por voc\u00ea!<\/p>\n<h2><em>&#8220;Cora\u00e7\u00e3o Imaculado de Maria: ref\u00fagio para as fam\u00edlias!<\/em><em style=\"font-size: 16px\">&#8220;<\/em><\/h2>\n<p>https:\/\/youtu.be\/mJi3V5kVghw<\/p>\n<p><a href=\"http:\/\/blog.cancaonova.com\/paisecatequistas\/files\/2023\/08\/WhatsApp-Image-2023-10-11-at-19.13.34.jpeg\"><img loading=\"lazy\" decoding=\"async\" class=\"wp-image-15727 alignnone\" src=\"http:\/\/blog.cancaonova.com\/paisecatequistas\/files\/2023\/08\/WhatsApp-Image-2023-10-11-at-19.13.34.jpeg\" alt=\"\" width=\"775\" height=\"775\" srcset=\"https:\/\/blog.cancaonova.com\/paisecatequistas\/files\/2023\/08\/WhatsApp-Image-2023-10-11-at-19.13.34.jpeg 1080w, https:\/\/blog.cancaonova.com\/paisecatequistas\/files\/2023\/08\/WhatsApp-Image-2023-10-11-at-19.13.34-150x150.jpeg 150w, https:\/\/blog.cancaonova.com\/paisecatequistas\/files\/2023\/08\/WhatsApp-Image-2023-10-11-at-19.13.34-300x300.jpeg 300w, https:\/\/blog.cancaonova.com\/paisecatequistas\/files\/2023\/08\/WhatsApp-Image-2023-10-11-at-19.13.34-768x768.jpeg 768w\" sizes=\"(max-width: 775px) 100vw, 775px\" \/><\/a><\/p>\n<p><a href=\"http:\/\/blog.cancaonova.com\/paisecatequistas\/files\/2023\/08\/WhatsApp-Image-2023-10-11-at-19.13.34-1.jpeg\"><img loading=\"lazy\" decoding=\"async\" class=\"wp-image-15726 alignnone\" src=\"http:\/\/blog.cancaonova.com\/paisecatequistas\/files\/2023\/08\/WhatsApp-Image-2023-10-11-at-19.13.34-1.jpeg\" alt=\"\" width=\"776\" height=\"776\" srcset=\"https:\/\/blog.cancaonova.com\/paisecatequistas\/files\/2023\/08\/WhatsApp-Image-2023-10-11-at-19.13.34-1.jpeg 1200w, https:\/\/blog.cancaonova.com\/paisecatequistas\/files\/2023\/08\/WhatsApp-Image-2023-10-11-at-19.13.34-1-150x150.jpeg 150w, https:\/\/blog.cancaonova.com\/paisecatequistas\/files\/2023\/08\/WhatsApp-Image-2023-10-11-at-19.13.34-1-300x300.jpeg 300w, https:\/\/blog.cancaonova.com\/paisecatequistas\/files\/2023\/08\/WhatsApp-Image-2023-10-11-at-19.13.34-1-768x768.jpeg 768w\" sizes=\"(max-width: 776px) 100vw, 776px\" \/><\/a><\/p>\n<p>&nbsp;<\/p>\n","protected":false},"excerpt":{"rendered":"<p>Pais e catequistas, chegou aquela data especial. Anote em sua agenda, se organizem e venham participar conosco do Kair\u00f3s Kids 2023. No dia 15 de outubro, esperamos por voc\u00ea! &#8220;Cora\u00e7\u00e3o Imaculado de Maria: ref\u00fagio para as fam\u00edlias!&#8220; https:\/\/youtu.be\/mJi3V5kVghw &nbsp;<\/p>\n","protected":false},"author":4340,"featured_media":15600,"comment_status":"open","ping_status":"open","sticky":false,"template":"","format":"standard","meta":{"_mi_skip_tracking":false,"_monsterinsights_sitenote_active":false,"_monsterinsights_sitenote_note":"","_monsterinsights_sitenote_category":0,"footnotes":""},"categories":[1],"tags":[],"_links":{"self":[{"href":"https:\/\/blog.cancaonova.com\/paisecatequistas\/wp-json\/wp\/v2\/posts\/15071"}],"collection":[{"href":"https:\/\/blog.cancaonova.com\/paisecatequistas\/wp-json\/wp\/v2\/posts"}],"about":[{"href":"https:\/\/blog.cancaonova.com\/paisecatequistas\/wp-json\/wp\/v2\/types\/post"}],"author":[{"embeddable":true,"href":"https:\/\/blog.cancaonova.com\/paisecatequistas\/wp-json\/wp\/v2\/users\/4340"}],"replies":[{"embeddable":true,"href":"https:\/\/blog.cancaonova.com\/paisecatequistas\/wp-json\/wp\/v2\/comments?post=15071"}],"version-history":[{"count":12,"href":"https:\/\/blog.cancaonova.com\/paisecatequistas\/wp-json\/wp\/v2\/posts\/15071\/revisions"}],"predecessor-version":[{"id":15738,"href":"https:\/\/blog.cancaonova.com\/paisecatequistas\/wp-json\/wp\/v2\/posts\/15071\/revisions\/15738"}],"wp:featuredmedia":[{"embeddable":true,"href":"https:\/\/blog.cancaonova.com\/paisecatequistas\/wp-json\/wp\/v2\/media\/15600"}],"wp:attachment":[{"href":"https:\/\/blog.cancaonova.com\/paisecatequistas\/wp-json\/wp\/v2\/media?parent=15071"}],"wp:term":[{"taxonomy":"category","embeddable":true,"href":"https:\/\/blog.cancaonova.com\/paisecatequistas\/wp-json\/wp\/v2\/categories?post=15071"},{"taxonomy":"post_tag","embeddable":true,"href":"https:\/\/blog.cancaonova.com\/paisecatequistas\/wp-json\/wp\/v2\/tags?post=15071"}],"curies":[{"name":"wp","href":"https:\/\/api.w.org\/{rel}","templated":true}]}}