{"id":15101,"date":"2023-08-21T14:43:17","date_gmt":"2023-08-21T16:43:17","guid":{"rendered":"http:\/\/blog.cancaonova.com\/paisecatequistas\/?p=15101"},"modified":"2023-08-22T08:37:17","modified_gmt":"2023-08-22T10:37:17","slug":"nossa-senhora-mae-e-rainha","status":"publish","type":"post","link":"https:\/\/blog.cancaonova.com\/paisecatequistas\/nossa-senhora-mae-e-rainha\/","title":{"rendered":"Nossa Senhora M\u00e3e e Rainha"},"content":{"rendered":"<p>Nos pa\u00edses que s\u00e3o governados pela Monarquia (Fam\u00edlia Real), existe diferen\u00e7a entre:<a href=\"http:\/\/blog.cancaonova.com\/paisecatequistas\/files\/2023\/08\/a.png\"><img loading=\"lazy\" decoding=\"async\" class=\"wp-image-15103 alignnone\" src=\"http:\/\/blog.cancaonova.com\/paisecatequistas\/files\/2023\/08\/a.png\" alt=\"\" width=\"1075\" height=\"779\" srcset=\"https:\/\/blog.cancaonova.com\/paisecatequistas\/files\/2023\/08\/a.png 1482w, https:\/\/blog.cancaonova.com\/paisecatequistas\/files\/2023\/08\/a-300x217.png 300w, https:\/\/blog.cancaonova.com\/paisecatequistas\/files\/2023\/08\/a-768x557.png 768w\" sizes=\"(max-width: 1075px) 100vw, 1075px\" \/><\/a><\/p>\n<p><strong>Ent\u00e3o, vamos pensar:<\/strong><\/p>\n<p>Se Jesus \u00e9 o <strong>Rei<\/strong>, e sua m\u00e3e \u00e9 Maria, ent\u00e3o, Ela \u00e9 a <strong>Rainha M\u00e3e<\/strong>! E tem mais&#8230;<a href=\"http:\/\/blog.cancaonova.com\/paisecatequistas\/files\/2023\/08\/2.png\"><img loading=\"lazy\" decoding=\"async\" class=\" wp-image-15104 alignnone\" src=\"http:\/\/blog.cancaonova.com\/paisecatequistas\/files\/2023\/08\/2.png\" alt=\"\" width=\"1064\" height=\"334\" srcset=\"https:\/\/blog.cancaonova.com\/paisecatequistas\/files\/2023\/08\/2.png 1477w, https:\/\/blog.cancaonova.com\/paisecatequistas\/files\/2023\/08\/2-300x94.png 300w, https:\/\/blog.cancaonova.com\/paisecatequistas\/files\/2023\/08\/2-768x241.png 768w\" sizes=\"(max-width: 1064px) 100vw, 1064px\" \/><\/a><\/p>\n<p>Isso significa que Jesus \u00e9 o nosso Rei! Mas, antes de morrer, Jesus deu Maria, sua M\u00e3e, como tamb\u00e9m nossa M\u00e3e, ou seja, somos parte da realeza e temos Maria como Nossa Rainha M\u00e3e!<\/p>\n<p>Dia <strong>15 de agosto<\/strong> comemoramos a Assun\u00e7\u00e3o de Maria ao C\u00e9u. E, chegando l\u00e1, Ela foi recebida por Deus Pai, pelo Esp\u00edrito Santo e pelo seu Filho Jesus, que, juntos, coroaram Maria como Rainha do C\u00e9u e da Terra.<\/p>\n<p>Por isso, dia 22 de Agosto comemoramos:<\/p>\n<p><a href=\"http:\/\/blog.cancaonova.com\/paisecatequistas\/files\/2023\/08\/10.jpg\"><img loading=\"lazy\" decoding=\"async\" class=\"size-full wp-image-15123 alignnone\" src=\"http:\/\/blog.cancaonova.com\/paisecatequistas\/files\/2023\/08\/10.jpg\" alt=\"\" width=\"1608\" height=\"1619\" srcset=\"https:\/\/blog.cancaonova.com\/paisecatequistas\/files\/2023\/08\/10.jpg 1608w, https:\/\/blog.cancaonova.com\/paisecatequistas\/files\/2023\/08\/10-150x150.jpg 150w, https:\/\/blog.cancaonova.com\/paisecatequistas\/files\/2023\/08\/10-298x300.jpg 298w, https:\/\/blog.cancaonova.com\/paisecatequistas\/files\/2023\/08\/10-768x773.jpg 768w\" sizes=\"(max-width: 1608px) 100vw, 1608px\" \/><\/a><\/p>\n<p>Uma linda e emocionante palestra com o Padre Jonas Abib sobre a Rainha M\u00e3e e Nossa Senhora. Assista:<\/p>\n<p><iframe loading=\"lazy\" title=\"Rainha Ma\u00cc\u0083e e Nossa Senhora - Monsenhor Jonas Abib (22\/08\/15)\" width=\"600\" height=\"338\" src=\"https:\/\/www.youtube.com\/embed\/0hrsKCt4LO8?feature=oembed&amp;rel=0\" frameborder=\"0\" allow=\"accelerometer; autoplay; clipboard-write; encrypted-media; gyroscope; picture-in-picture; web-share\" referrerpolicy=\"strict-origin-when-cross-origin\" allowfullscreen><\/iframe><\/p>\n<p>Atividade<\/p>\n<p><a href=\"https:\/\/blog.cancaonova.com\/paisecatequistas\/files\/2023\/08\/atividade.pdf\"><img loading=\"lazy\" decoding=\"async\" class=\" wp-image-15111 alignnone\" src=\"http:\/\/blog.cancaonova.com\/paisecatequistas\/files\/2023\/08\/nossa-senhoara.jpg\" alt=\"\" width=\"1099\" height=\"1555\" srcset=\"https:\/\/blog.cancaonova.com\/paisecatequistas\/files\/2023\/08\/nossa-senhoara.jpg 1414w, https:\/\/blog.cancaonova.com\/paisecatequistas\/files\/2023\/08\/nossa-senhoara-212x300.jpg 212w, https:\/\/blog.cancaonova.com\/paisecatequistas\/files\/2023\/08\/nossa-senhoara-768x1086.jpg 768w\" sizes=\"(max-width: 1099px) 100vw, 1099px\" \/><\/a><\/p>\n<p><a href=\"http:\/\/blog.cancaonova.com\/paisecatequistas\/files\/2023\/08\/atividade-1.jpg\"><img loading=\"lazy\" decoding=\"async\" class=\"wp-image-15110 alignnone\" src=\"http:\/\/blog.cancaonova.com\/paisecatequistas\/files\/2023\/08\/atividade-1.jpg\" alt=\"\" width=\"1099\" height=\"1554\" srcset=\"https:\/\/blog.cancaonova.com\/paisecatequistas\/files\/2023\/08\/atividade-1.jpg 1414w, https:\/\/blog.cancaonova.com\/paisecatequistas\/files\/2023\/08\/atividade-1-212x300.jpg 212w, https:\/\/blog.cancaonova.com\/paisecatequistas\/files\/2023\/08\/atividade-1-768x1086.jpg 768w\" sizes=\"(max-width: 1099px) 100vw, 1099px\" \/><\/a><\/p>\n<p>Se este conte\u00fado te ajudou, deixe o seu coment\u00e1rio, ele \u00e9 muito importante para n\u00f3s!<\/p>\n<p>Deus o(a) aben\u00e7oe!<\/p>\n<p>&nbsp;<\/p>\n<p>&nbsp;<\/p>\n","protected":false},"excerpt":{"rendered":"<p>Nos pa\u00edses que s\u00e3o governados pela Monarquia (Fam\u00edlia Real), existe diferen\u00e7a entre: Ent\u00e3o, vamos pensar: Se Jesus \u00e9 o Rei, e sua m\u00e3e \u00e9 Maria, ent\u00e3o, Ela \u00e9 a Rainha M\u00e3e! E tem mais&#8230; Isso significa que Jesus \u00e9 o&#8230;<\/p>\n","protected":false},"author":4340,"featured_media":15114,"comment_status":"open","ping_status":"open","sticky":false,"template":"","format":"standard","meta":{"_mi_skip_tracking":false,"_monsterinsights_sitenote_active":false,"_monsterinsights_sitenote_note":"","_monsterinsights_sitenote_category":0,"footnotes":""},"categories":[1],"tags":[],"_links":{"self":[{"href":"https:\/\/blog.cancaonova.com\/paisecatequistas\/wp-json\/wp\/v2\/posts\/15101"}],"collection":[{"href":"https:\/\/blog.cancaonova.com\/paisecatequistas\/wp-json\/wp\/v2\/posts"}],"about":[{"href":"https:\/\/blog.cancaonova.com\/paisecatequistas\/wp-json\/wp\/v2\/types\/post"}],"author":[{"embeddable":true,"href":"https:\/\/blog.cancaonova.com\/paisecatequistas\/wp-json\/wp\/v2\/users\/4340"}],"replies":[{"embeddable":true,"href":"https:\/\/blog.cancaonova.com\/paisecatequistas\/wp-json\/wp\/v2\/comments?post=15101"}],"version-history":[{"count":7,"href":"https:\/\/blog.cancaonova.com\/paisecatequistas\/wp-json\/wp\/v2\/posts\/15101\/revisions"}],"predecessor-version":[{"id":15109,"href":"https:\/\/blog.cancaonova.com\/paisecatequistas\/wp-json\/wp\/v2\/posts\/15101\/revisions\/15109"}],"wp:featuredmedia":[{"embeddable":true,"href":"https:\/\/blog.cancaonova.com\/paisecatequistas\/wp-json\/wp\/v2\/media\/15114"}],"wp:attachment":[{"href":"https:\/\/blog.cancaonova.com\/paisecatequistas\/wp-json\/wp\/v2\/media?parent=15101"}],"wp:term":[{"taxonomy":"category","embeddable":true,"href":"https:\/\/blog.cancaonova.com\/paisecatequistas\/wp-json\/wp\/v2\/categories?post=15101"},{"taxonomy":"post_tag","embeddable":true,"href":"https:\/\/blog.cancaonova.com\/paisecatequistas\/wp-json\/wp\/v2\/tags?post=15101"}],"curies":[{"name":"wp","href":"https:\/\/api.w.org\/{rel}","templated":true}]}}