{"id":15126,"date":"2023-08-22T10:05:31","date_gmt":"2023-08-22T12:05:31","guid":{"rendered":"http:\/\/blog.cancaonova.com\/paisecatequistas\/?p=15126"},"modified":"2024-07-31T11:10:14","modified_gmt":"2024-07-31T13:10:14","slug":"santa-rosa-de-lima","status":"publish","type":"post","link":"https:\/\/blog.cancaonova.com\/paisecatequistas\/santa-rosa-de-lima\/","title":{"rendered":"Santa Rosa de Lima"},"content":{"rendered":"<p>Santa Rosa foi a 10\u00aa filha de 13. Ganhou o apelido de \u201cRosa\u201d de sua bab\u00e1 que lhe achava muito linda com sua pele rosada. Seu nome de batismo era\u00a0 Isabel Mariana Flores. Nasceu em Lima, Peru, no dia 20 de abril de 1586.<\/p>\n<p>Com 23 anos, entrou para a ordem Terceira Dominicana, e sempre se inspirou em Santa Catarina de Sena e na Virgem Maria. Acrescentou em seu nome \u201cde Santa Maria\u201d por tanto amor a Virgem Maria. Cuidou dos pobres, dos idosos e das crian\u00e7as abandonadas dentro da casa antiga de seus pais, e fez uma cela no jardim para viver somente para ora\u00e7\u00e3o e bordados; sa\u00eda somente para as atividades necess\u00e1rias, e assim fez seus votos de religiosa.<\/p>\n<p>Santa Rosa sempre rezava em frente a uma imagem de Nossa Senhora, e pedia sempre pelos ind\u00edgenas da Am\u00e9rica. Depois que morreu, seu corpo foi levado para a Capela do Ros\u00e1rio. Ao passar pela imagem, Nossa Senhora sorriu, e as pessoas come\u00e7aram a gritar \u201cMilagre, Milagre!\u201d.<\/p>\n<p>Suas virtudes que mais se destacam: Castidade, Caridade e F\u00e9. Morreu aos 31 anos, depois de ficar muito doente, no dia 23 de agosto.<\/p>\n<p>Santa Rosa de Lima, rogai por n\u00f3s!<\/p>\n<p><a href=\"http:\/\/blog.cancaonova.com\/paisecatequistas\/files\/2023\/08\/atividade-2.jpg\"><img loading=\"lazy\" decoding=\"async\" class=\" wp-image-15127 alignnone\" src=\"http:\/\/blog.cancaonova.com\/paisecatequistas\/files\/2023\/08\/atividade-2.jpg\" alt=\"\" width=\"1249\" height=\"1767\" srcset=\"https:\/\/blog.cancaonova.com\/paisecatequistas\/files\/2023\/08\/atividade-2.jpg 1414w, https:\/\/blog.cancaonova.com\/paisecatequistas\/files\/2023\/08\/atividade-2-212x300.jpg 212w, https:\/\/blog.cancaonova.com\/paisecatequistas\/files\/2023\/08\/atividade-2-768x1086.jpg 768w\" sizes=\"(max-width: 1249px) 100vw, 1249px\" \/><\/a><\/p>\n","protected":false},"excerpt":{"rendered":"<p>Santa Rosa foi a 10\u00aa filha de 13. Ganhou o apelido de \u201cRosa\u201d de sua bab\u00e1 que lhe achava muito linda com sua pele rosada. Seu nome de batismo era\u00a0 Isabel Mariana Flores. Nasceu em Lima, Peru, no dia 20 de abril de 1586. <a href=\"https:\/\/blog.cancaonova.com\/paisecatequistas\/santa-rosa-de-lima\/\">Continue lendo <span class=\"meta-nav\">&rarr;<\/span><\/a><\/p>\n","protected":false},"author":4340,"featured_media":15128,"comment_status":"open","ping_status":"open","sticky":false,"template":"","format":"standard","meta":{"_mi_skip_tracking":false,"_monsterinsights_sitenote_active":false,"_monsterinsights_sitenote_note":"","_monsterinsights_sitenote_category":0,"footnotes":""},"categories":[200710],"tags":[18813,5011,16619,289689,18235,17350,289688],"_links":{"self":[{"href":"https:\/\/blog.cancaonova.com\/paisecatequistas\/wp-json\/wp\/v2\/posts\/15126"}],"collection":[{"href":"https:\/\/blog.cancaonova.com\/paisecatequistas\/wp-json\/wp\/v2\/posts"}],"about":[{"href":"https:\/\/blog.cancaonova.com\/paisecatequistas\/wp-json\/wp\/v2\/types\/post"}],"author":[{"embeddable":true,"href":"https:\/\/blog.cancaonova.com\/paisecatequistas\/wp-json\/wp\/v2\/users\/4340"}],"replies":[{"embeddable":true,"href":"https:\/\/blog.cancaonova.com\/paisecatequistas\/wp-json\/wp\/v2\/comments?post=15126"}],"version-history":[{"count":6,"href":"https:\/\/blog.cancaonova.com\/paisecatequistas\/wp-json\/wp\/v2\/posts\/15126\/revisions"}],"predecessor-version":[{"id":17696,"href":"https:\/\/blog.cancaonova.com\/paisecatequistas\/wp-json\/wp\/v2\/posts\/15126\/revisions\/17696"}],"wp:featuredmedia":[{"embeddable":true,"href":"https:\/\/blog.cancaonova.com\/paisecatequistas\/wp-json\/wp\/v2\/media\/15128"}],"wp:attachment":[{"href":"https:\/\/blog.cancaonova.com\/paisecatequistas\/wp-json\/wp\/v2\/media?parent=15126"}],"wp:term":[{"taxonomy":"category","embeddable":true,"href":"https:\/\/blog.cancaonova.com\/paisecatequistas\/wp-json\/wp\/v2\/categories?post=15126"},{"taxonomy":"post_tag","embeddable":true,"href":"https:\/\/blog.cancaonova.com\/paisecatequistas\/wp-json\/wp\/v2\/tags?post=15126"}],"curies":[{"name":"wp","href":"https:\/\/api.w.org\/{rel}","templated":true}]}}