{"id":15133,"date":"2023-08-22T11:33:58","date_gmt":"2023-08-22T13:33:58","guid":{"rendered":"http:\/\/blog.cancaonova.com\/paisecatequistas\/?p=15133"},"modified":"2023-08-23T11:08:35","modified_gmt":"2023-08-23T13:08:35","slug":"vida-consagrada","status":"publish","type":"post","link":"https:\/\/blog.cancaonova.com\/paisecatequistas\/vida-consagrada\/","title":{"rendered":"Vida consagrada"},"content":{"rendered":"<p><em><strong>No Catecismo da Igreja Cat\u00f3lica<\/strong><\/em>, no n\u00famero 914, temos:<\/p>\n<p>Pense na Igreja como uma grande \u00e1rvore. E cada galho \u00e9 uma congrega\u00e7\u00e3o, uma comunidade, uma fam\u00edlia. Isso significa que: vemos a vida da \u00e1rvore pelos frutos de cada galho.<\/p>\n<p>Esses s\u00e3o os dois grandes modos de vida dentro da Igreja, os sacramentos: Matrim\u00f4nio (casais) e Ordem (Sacerdotes e Di\u00e1conos).<\/p>\n<p>Cada um \u00e9 vivido de uma forma diferente, mas ambos s\u00e3o caminhos para a santidade. Esses caminhos s\u00e3o chamados de <strong>voca\u00e7\u00e3o. <\/strong><\/p>\n<p>Cada voca\u00e7\u00e3o passa por tempos, fases diferentes, antes, durante e depois que se realizam.<\/p>\n<p><a href=\"http:\/\/blog.cancaonova.com\/paisecatequistas\/files\/2023\/08\/catecisco-1-1.png\"><img loading=\"lazy\" decoding=\"async\" class=\"size-full wp-image-15173 alignnone\" src=\"http:\/\/blog.cancaonova.com\/paisecatequistas\/files\/2023\/08\/catecisco-1-1.png\" alt=\"\" width=\"1196\" height=\"456\" srcset=\"https:\/\/blog.cancaonova.com\/paisecatequistas\/files\/2023\/08\/catecisco-1-1.png 1196w, https:\/\/blog.cancaonova.com\/paisecatequistas\/files\/2023\/08\/catecisco-1-1-300x114.png 300w, https:\/\/blog.cancaonova.com\/paisecatequistas\/files\/2023\/08\/catecisco-1-1-768x293.png 768w\" sizes=\"(max-width: 1196px) 100vw, 1196px\" \/><\/a><\/p>\n<p>Mas existem dois outros galhos dentro da \u00e1rvore da Igreja. N\u00e3o \u00e9 sacramento, mas \u00e9 um compromisso para a vida toda.<\/p>\n<p><a href=\"http:\/\/blog.cancaonova.com\/paisecatequistas\/files\/2023\/08\/catecisco-2.png\"><img loading=\"lazy\" decoding=\"async\" class=\" wp-image-15135 alignnone\" src=\"http:\/\/blog.cancaonova.com\/paisecatequistas\/files\/2023\/08\/catecisco-2.png\" alt=\"\" width=\"1001\" height=\"782\" srcset=\"https:\/\/blog.cancaonova.com\/paisecatequistas\/files\/2023\/08\/catecisco-2.png 1692w, https:\/\/blog.cancaonova.com\/paisecatequistas\/files\/2023\/08\/catecisco-2-300x235.png 300w, https:\/\/blog.cancaonova.com\/paisecatequistas\/files\/2023\/08\/catecisco-2-768x601.png 768w\" sizes=\"(max-width: 1001px) 100vw, 1001px\" \/><\/a><\/p>\n<p>S\u00e3o dois ramos que passam pelos dois sacramentos e vivem uma consagra\u00e7\u00e3o a mais.<\/p>\n<p><a href=\"http:\/\/blog.cancaonova.com\/paisecatequistas\/files\/2023\/08\/catecisco-3.png\"><img loading=\"lazy\" decoding=\"async\" class=\" wp-image-15136 alignnone\" src=\"http:\/\/blog.cancaonova.com\/paisecatequistas\/files\/2023\/08\/catecisco-3.png\" alt=\"\" width=\"999\" height=\"368\" srcset=\"https:\/\/blog.cancaonova.com\/paisecatequistas\/files\/2023\/08\/catecisco-3.png 1271w, https:\/\/blog.cancaonova.com\/paisecatequistas\/files\/2023\/08\/catecisco-3-300x110.png 300w, https:\/\/blog.cancaonova.com\/paisecatequistas\/files\/2023\/08\/catecisco-3-768x283.png 768w\" sizes=\"(max-width: 999px) 100vw, 999px\" \/><\/a><\/p>\n<p>A Can\u00e7\u00e3o Nova \u00e9 a primeira Nova Comunidade do Brasil. E todos esses estados de vida vivem e trabalham juntos, para mostrar ao mundo que \u00e9 poss\u00edvel viver com um amor puro: crian\u00e7as, jovens, adultos, casados, padres, celibat\u00e1rios, todos juntos vivendo a linda aventura da santidade.<\/p>\n<p><a href=\"http:\/\/blog.cancaonova.com\/paisecatequistas\/files\/2023\/08\/catecisco-4.png\"><img loading=\"lazy\" decoding=\"async\" class=\"wp-image-15137 alignnone\" src=\"http:\/\/blog.cancaonova.com\/paisecatequistas\/files\/2023\/08\/catecisco-4.png\" alt=\"\" width=\"999\" height=\"911\" srcset=\"https:\/\/blog.cancaonova.com\/paisecatequistas\/files\/2023\/08\/catecisco-4.png 1527w, https:\/\/blog.cancaonova.com\/paisecatequistas\/files\/2023\/08\/catecisco-4-300x273.png 300w, https:\/\/blog.cancaonova.com\/paisecatequistas\/files\/2023\/08\/catecisco-4-768x700.png 768w\" sizes=\"(max-width: 999px) 100vw, 999px\" \/><\/a><\/p>\n","protected":false},"excerpt":{"rendered":"<p>No Catecismo da Igreja Cat\u00f3lica, no n\u00famero 914, temos: Pense na Igreja como uma grande \u00e1rvore. E cada galho \u00e9 uma congrega\u00e7\u00e3o, uma comunidade, uma fam\u00edlia. Isso significa que: vemos a vida da \u00e1rvore pelos frutos de cada galho. Esses&#8230;<\/p>\n","protected":false},"author":4340,"featured_media":15139,"comment_status":"open","ping_status":"open","sticky":false,"template":"","format":"standard","meta":{"_mi_skip_tracking":false,"_monsterinsights_sitenote_active":false,"_monsterinsights_sitenote_note":"","_monsterinsights_sitenote_category":0,"footnotes":""},"categories":[1],"tags":[],"_links":{"self":[{"href":"https:\/\/blog.cancaonova.com\/paisecatequistas\/wp-json\/wp\/v2\/posts\/15133"}],"collection":[{"href":"https:\/\/blog.cancaonova.com\/paisecatequistas\/wp-json\/wp\/v2\/posts"}],"about":[{"href":"https:\/\/blog.cancaonova.com\/paisecatequistas\/wp-json\/wp\/v2\/types\/post"}],"author":[{"embeddable":true,"href":"https:\/\/blog.cancaonova.com\/paisecatequistas\/wp-json\/wp\/v2\/users\/4340"}],"replies":[{"embeddable":true,"href":"https:\/\/blog.cancaonova.com\/paisecatequistas\/wp-json\/wp\/v2\/comments?post=15133"}],"version-history":[{"count":6,"href":"https:\/\/blog.cancaonova.com\/paisecatequistas\/wp-json\/wp\/v2\/posts\/15133\/revisions"}],"predecessor-version":[{"id":15174,"href":"https:\/\/blog.cancaonova.com\/paisecatequistas\/wp-json\/wp\/v2\/posts\/15133\/revisions\/15174"}],"wp:featuredmedia":[{"embeddable":true,"href":"https:\/\/blog.cancaonova.com\/paisecatequistas\/wp-json\/wp\/v2\/media\/15139"}],"wp:attachment":[{"href":"https:\/\/blog.cancaonova.com\/paisecatequistas\/wp-json\/wp\/v2\/media?parent=15133"}],"wp:term":[{"taxonomy":"category","embeddable":true,"href":"https:\/\/blog.cancaonova.com\/paisecatequistas\/wp-json\/wp\/v2\/categories?post=15133"},{"taxonomy":"post_tag","embeddable":true,"href":"https:\/\/blog.cancaonova.com\/paisecatequistas\/wp-json\/wp\/v2\/tags?post=15133"}],"curies":[{"name":"wp","href":"https:\/\/api.w.org\/{rel}","templated":true}]}}