{"id":15151,"date":"2023-08-22T12:44:46","date_gmt":"2023-08-22T14:44:46","guid":{"rendered":"http:\/\/blog.cancaonova.com\/paisecatequistas\/?p=15151"},"modified":"2024-08-13T11:14:38","modified_gmt":"2024-08-13T13:14:38","slug":"15151","status":"publish","type":"post","link":"https:\/\/blog.cancaonova.com\/paisecatequistas\/15151\/","title":{"rendered":"Catequese no tempo de Jesus"},"content":{"rendered":"<p>Antes de Jesus confiar a S\u00e3o Pedro a miss\u00e3o de iniciar sua Igreja (que \u00e9 a nossa Igreja Cat\u00f3lica Apost\u00f3lica Romana), a religi\u00e3o que acreditava em Deus era apenas o Juda\u00edsmo, formada pelos Judeus.<\/p>\n<p>As crian\u00e7as judias eram catequizadas desde pequenas e aprendiam com os pais as ora\u00e7\u00f5es do dia a dia e os trabalhos de casa; e na sinagoga, nome dado \u00e0 Igreja dos judeus, aprendiam a doutrina, as regras e outras ora\u00e7\u00f5es.<\/p>\n<p>A escola na sinagoga era chamada BeitHa S\u00eafer (A casa do Livro); l\u00e1, elas aprendiam a ler, escrever, fazer contas e a falar em p\u00fablico, tudo usando os livros sagrados.<\/p>\n<p>A Tor\u00e1 \u00e9 o principal livro deles (como se fosse nossa B\u00edblia), e ela \u00e9 formada pelo Pentateuco, os 5 primeiros livros que n\u00f3s tamb\u00e9m temos no Antigo Testamento: G\u00eanesis, \u00caxodo, Lev\u00edtico, N\u00fameros e Deuteron\u00f4mio.<\/p>\n<p><a href=\"http:\/\/blog.cancaonova.com\/paisecatequistas\/files\/2023\/08\/04-e-05-2.png\"><img loading=\"lazy\" decoding=\"async\" class=\" wp-image-15152 alignnone\" src=\"http:\/\/blog.cancaonova.com\/paisecatequistas\/files\/2023\/08\/04-e-05-2.png\" alt=\"\" width=\"651\" height=\"597\" srcset=\"https:\/\/blog.cancaonova.com\/paisecatequistas\/files\/2023\/08\/04-e-05-2.png 971w, https:\/\/blog.cancaonova.com\/paisecatequistas\/files\/2023\/08\/04-e-05-2-300x275.png 300w, https:\/\/blog.cancaonova.com\/paisecatequistas\/files\/2023\/08\/04-e-05-2-768x705.png 768w\" sizes=\"(max-width: 651px) 100vw, 651px\" \/><\/a><\/p>\n<p>Depois dos 12 anos, a crian\u00e7a que queria continuar a ser um estudioso, passava a estudar na Beit Midrash (Casa da Interpreta\u00e7\u00e3o) e tinha um Rabino (mestre, professor) para poder ser seu\u00a0exemplo principal,\u00a0e ser obediente a\u00a0ele como se fosse\u00a0seu pr\u00f3prio pai.<\/p>\n<p>As meninas n\u00e3o\u00a0estudavam como os meninos, elas aprendiam\u00a0a tradi\u00e7\u00e3o e seus costumes dentro de casa com seus pais.<\/p>\n<p><a href=\"http:\/\/blog.cancaonova.com\/paisecatequistas\/files\/2023\/08\/04-e-05-1.png\"><img loading=\"lazy\" decoding=\"async\" class=\" wp-image-15153 alignnone\" src=\"http:\/\/blog.cancaonova.com\/paisecatequistas\/files\/2023\/08\/04-e-05-1.png\" alt=\"\" width=\"430\" height=\"418\" srcset=\"https:\/\/blog.cancaonova.com\/paisecatequistas\/files\/2023\/08\/04-e-05-1.png 740w, https:\/\/blog.cancaonova.com\/paisecatequistas\/files\/2023\/08\/04-e-05-1-300x292.png 300w\" sizes=\"(max-width: 430px) 100vw, 430px\" \/><\/a><\/p>\n<p>Os meninos que quisessem\u00a0continuar seus estudos para\u00a0serem sacerdotes e rabinos tinham que continuar estudando\u00a0e seguindo os anci\u00e3os (os mestres\u00a0mais velhos), buscando uma vida de muita ora\u00e7\u00e3o.<\/p>\n<p><a href=\"http:\/\/blog.cancaonova.com\/paisecatequistas\/files\/2023\/08\/04-e-05.png\"><img loading=\"lazy\" decoding=\"async\" class=\" wp-image-15154 alignnone\" src=\"http:\/\/blog.cancaonova.com\/paisecatequistas\/files\/2023\/08\/04-e-05.png\" alt=\"\" width=\"680\" height=\"651\" srcset=\"https:\/\/blog.cancaonova.com\/paisecatequistas\/files\/2023\/08\/04-e-05.png 1654w, https:\/\/blog.cancaonova.com\/paisecatequistas\/files\/2023\/08\/04-e-05-300x287.png 300w, https:\/\/blog.cancaonova.com\/paisecatequistas\/files\/2023\/08\/04-e-05-768x735.png 768w\" sizes=\"(max-width: 680px) 100vw, 680px\" \/><\/a><\/p>\n<p>N\u00e3o se sabe ao certo se Jesus estudou nas sinagogas, mas Seus pais Lhe ensinaram muitas coisas em casa; e quando Ele cresceu, veio trazer novos ensinamentos de Deus para o povo judeu e para todo o mundo.<\/p>\n<p>&nbsp;<\/p>\n","protected":false},"excerpt":{"rendered":"<p>Antes de Jesus confiar a S\u00e3o Pedro a miss\u00e3o de iniciar sua Igreja (que \u00e9 a nossa Igreja Cat\u00f3lica Apost\u00f3lica Romana), a religi\u00e3o que acreditava em Deus era apenas o Juda\u00edsmo, formada pelos Judeus. <a href=\"https:\/\/blog.cancaonova.com\/paisecatequistas\/15151\/\">Continue lendo <span class=\"meta-nav\">&rarr;<\/span><\/a><\/p>\n","protected":false},"author":4340,"featured_media":15157,"comment_status":"open","ping_status":"open","sticky":false,"template":"","format":"standard","meta":{"_mi_skip_tracking":false,"_monsterinsights_sitenote_active":false,"_monsterinsights_sitenote_note":"","_monsterinsights_sitenote_category":0,"footnotes":""},"categories":[200710],"tags":[],"_links":{"self":[{"href":"https:\/\/blog.cancaonova.com\/paisecatequistas\/wp-json\/wp\/v2\/posts\/15151"}],"collection":[{"href":"https:\/\/blog.cancaonova.com\/paisecatequistas\/wp-json\/wp\/v2\/posts"}],"about":[{"href":"https:\/\/blog.cancaonova.com\/paisecatequistas\/wp-json\/wp\/v2\/types\/post"}],"author":[{"embeddable":true,"href":"https:\/\/blog.cancaonova.com\/paisecatequistas\/wp-json\/wp\/v2\/users\/4340"}],"replies":[{"embeddable":true,"href":"https:\/\/blog.cancaonova.com\/paisecatequistas\/wp-json\/wp\/v2\/comments?post=15151"}],"version-history":[{"count":7,"href":"https:\/\/blog.cancaonova.com\/paisecatequistas\/wp-json\/wp\/v2\/posts\/15151\/revisions"}],"predecessor-version":[{"id":17737,"href":"https:\/\/blog.cancaonova.com\/paisecatequistas\/wp-json\/wp\/v2\/posts\/15151\/revisions\/17737"}],"wp:featuredmedia":[{"embeddable":true,"href":"https:\/\/blog.cancaonova.com\/paisecatequistas\/wp-json\/wp\/v2\/media\/15157"}],"wp:attachment":[{"href":"https:\/\/blog.cancaonova.com\/paisecatequistas\/wp-json\/wp\/v2\/media?parent=15151"}],"wp:term":[{"taxonomy":"category","embeddable":true,"href":"https:\/\/blog.cancaonova.com\/paisecatequistas\/wp-json\/wp\/v2\/categories?post=15151"},{"taxonomy":"post_tag","embeddable":true,"href":"https:\/\/blog.cancaonova.com\/paisecatequistas\/wp-json\/wp\/v2\/tags?post=15151"}],"curies":[{"name":"wp","href":"https:\/\/api.w.org\/{rel}","templated":true}]}}