{"id":15202,"date":"2024-09-01T10:00:55","date_gmt":"2024-09-01T12:00:55","guid":{"rendered":"http:\/\/blog.cancaonova.com\/paisecatequistas\/?p=15202"},"modified":"2025-08-26T10:55:19","modified_gmt":"2025-08-26T12:55:19","slug":"nascemos-da-palavra-de-deus","status":"publish","type":"post","link":"https:\/\/blog.cancaonova.com\/paisecatequistas\/nascemos-da-palavra-de-deus\/","title":{"rendered":"Nascemos da Palavra de Deus"},"content":{"rendered":"<p>Setembro, m\u00eas da B\u00edblia, m\u00eas da\u00a0 Primavera!<\/p>\n<p>Na Can\u00e7\u00e3o Nova, a Primavera \u00e9 marcada como o <span style=\"color: #ff9900\"><b style=\"color: #ff9900\">Tempo das S<\/b><span style=\"color: #ff9900\"><b>urpresas<\/b><\/span><b style=\"color: #ff9900\">\u00a0de Deus.\u00a0<\/b><\/span><\/p>\n<p>A Primavera \u00e9 o tempo em que as sementes plantadas florescem e d\u00e3o seus frutos.<\/p>\n<p><a href=\"http:\/\/blog.cancaonova.com\/paisecatequistas\/files\/2023\/08\/padre-jonas-ensina-1.png\"><img loading=\"lazy\" decoding=\"async\" class=\" wp-image-15203 alignnone\" src=\"http:\/\/blog.cancaonova.com\/paisecatequistas\/files\/2023\/08\/padre-jonas-ensina-1.png\" alt=\"\" width=\"613\" height=\"663\" srcset=\"https:\/\/blog.cancaonova.com\/paisecatequistas\/files\/2023\/08\/padre-jonas-ensina-1.png 733w, https:\/\/blog.cancaonova.com\/paisecatequistas\/files\/2023\/08\/padre-jonas-ensina-1-277x300.png 277w\" sizes=\"(max-width: 613px) 100vw, 613px\" \/><\/a><\/p>\n<p><a href=\"http:\/\/blog.cancaonova.com\/paisecatequistas\/files\/2023\/08\/padre-jonas-ensina-2-1.png\"><img loading=\"lazy\" decoding=\"async\" class=\"size-full wp-image-15219 alignnone\" src=\"http:\/\/blog.cancaonova.com\/paisecatequistas\/files\/2023\/08\/padre-jonas-ensina-2-1.png\" alt=\"\" width=\"1609\" height=\"1637\" srcset=\"https:\/\/blog.cancaonova.com\/paisecatequistas\/files\/2023\/08\/padre-jonas-ensina-2-1.png 1609w, https:\/\/blog.cancaonova.com\/paisecatequistas\/files\/2023\/08\/padre-jonas-ensina-2-1-295x300.png 295w, https:\/\/blog.cancaonova.com\/paisecatequistas\/files\/2023\/08\/padre-jonas-ensina-2-1-768x781.png 768w\" sizes=\"(max-width: 1609px) 100vw, 1609px\" \/><\/a><\/p>\n<p>Vamos aprender, com padre Jonas Abib, o estudo b\u00edblico e ter viva a <strong>&#8220;Biblia no meu dia a dia&#8221;<\/strong>?<\/p>\n<p><iframe loading=\"lazy\" title=\"Pe. Jonas Ensina: Estudo B\u00c3\u00adblico\" width=\"600\" height=\"338\" src=\"https:\/\/www.youtube.com\/embed\/cCf8ZHxny0E?feature=oembed&amp;rel=0\" frameborder=\"0\" allow=\"accelerometer; autoplay; clipboard-write; encrypted-media; gyroscope; picture-in-picture; web-share\" referrerpolicy=\"strict-origin-when-cross-origin\" allowfullscreen><\/iframe><\/p>\n<p>&nbsp;<\/p>\n<p>As crian\u00e7as n\u00e3o ficam de fora, pois a B\u00edblia tamb\u00e9m foi escrita para elas!<\/p>\n<p><a href=\"https:\/\/loja.cancaonova.com\/livro-diario-biblico-para-criancas-reedicao\"><img loading=\"lazy\" decoding=\"async\" class=\" wp-image-17812 alignnone\" src=\"http:\/\/blog.cancaonova.com\/paisecatequistas\/files\/2023\/08\/600x400-DIARIO-BIBLICO-PARA-CRIANCAS-1.jpg\" alt=\"\" width=\"738\" height=\"492\" srcset=\"https:\/\/blog.cancaonova.com\/paisecatequistas\/files\/2023\/08\/600x400-DIARIO-BIBLICO-PARA-CRIANCAS-1.jpg 600w, https:\/\/blog.cancaonova.com\/paisecatequistas\/files\/2023\/08\/600x400-DIARIO-BIBLICO-PARA-CRIANCAS-1-300x200.jpg 300w\" sizes=\"(max-width: 738px) 100vw, 738px\" \/><\/a><\/p>\n<p>&nbsp;<\/p>\n","protected":false},"excerpt":{"rendered":"<p>Setembro, m\u00eas da B\u00edblia, m\u00eas da\u00a0 Primavera! Na Can\u00e7\u00e3o Nova, a Primavera \u00e9 marcada como o Tempo das Surpresas\u00a0de Deus.\u00a0 A Primavera \u00e9 o tempo em que as sementes plantadas florescem e d\u00e3o seus frutos. Vamos aprender, com padre Jonas&#8230;<\/p>\n","protected":false},"author":4340,"featured_media":17815,"comment_status":"closed","ping_status":"closed","sticky":false,"template":"","format":"standard","meta":{"_mi_skip_tracking":false,"_monsterinsights_sitenote_active":false,"_monsterinsights_sitenote_note":"","_monsterinsights_sitenote_category":0,"footnotes":""},"categories":[200710,289677],"tags":[],"_links":{"self":[{"href":"https:\/\/blog.cancaonova.com\/paisecatequistas\/wp-json\/wp\/v2\/posts\/15202"}],"collection":[{"href":"https:\/\/blog.cancaonova.com\/paisecatequistas\/wp-json\/wp\/v2\/posts"}],"about":[{"href":"https:\/\/blog.cancaonova.com\/paisecatequistas\/wp-json\/wp\/v2\/types\/post"}],"author":[{"embeddable":true,"href":"https:\/\/blog.cancaonova.com\/paisecatequistas\/wp-json\/wp\/v2\/users\/4340"}],"replies":[{"embeddable":true,"href":"https:\/\/blog.cancaonova.com\/paisecatequistas\/wp-json\/wp\/v2\/comments?post=15202"}],"version-history":[{"count":12,"href":"https:\/\/blog.cancaonova.com\/paisecatequistas\/wp-json\/wp\/v2\/posts\/15202\/revisions"}],"predecessor-version":[{"id":19463,"href":"https:\/\/blog.cancaonova.com\/paisecatequistas\/wp-json\/wp\/v2\/posts\/15202\/revisions\/19463"}],"wp:featuredmedia":[{"embeddable":true,"href":"https:\/\/blog.cancaonova.com\/paisecatequistas\/wp-json\/wp\/v2\/media\/17815"}],"wp:attachment":[{"href":"https:\/\/blog.cancaonova.com\/paisecatequistas\/wp-json\/wp\/v2\/media?parent=15202"}],"wp:term":[{"taxonomy":"category","embeddable":true,"href":"https:\/\/blog.cancaonova.com\/paisecatequistas\/wp-json\/wp\/v2\/categories?post=15202"},{"taxonomy":"post_tag","embeddable":true,"href":"https:\/\/blog.cancaonova.com\/paisecatequistas\/wp-json\/wp\/v2\/tags?post=15202"}],"curies":[{"name":"wp","href":"https:\/\/api.w.org\/{rel}","templated":true}]}}