{"id":15286,"date":"2023-09-04T11:46:39","date_gmt":"2023-09-04T13:46:39","guid":{"rendered":"http:\/\/blog.cancaonova.com\/paisecatequistas\/?p=15286"},"modified":"2023-09-04T12:40:17","modified_gmt":"2023-09-04T14:40:17","slug":"palavra-de-deus-e-viva","status":"publish","type":"post","link":"https:\/\/blog.cancaonova.com\/paisecatequistas\/palavra-de-deus-e-viva\/","title":{"rendered":"A Palavra de Deus \u00e9 Viva"},"content":{"rendered":"<p>Papa Francisco e seu amor pela Palavra de Deus, que \u00e9 Viva e o pr\u00f3prio Deus.<\/p>\n<p><a href=\"http:\/\/blog.cancaonova.com\/paisecatequistas\/files\/2023\/09\/papa1.jpg\"><img loading=\"lazy\" decoding=\"async\" class=\"wp-image-15287 alignnone\" src=\"http:\/\/blog.cancaonova.com\/paisecatequistas\/files\/2023\/09\/papa1.jpg\" alt=\"\" width=\"1010\" height=\"1428\" srcset=\"https:\/\/blog.cancaonova.com\/paisecatequistas\/files\/2023\/09\/papa1.jpg 1414w, https:\/\/blog.cancaonova.com\/paisecatequistas\/files\/2023\/09\/papa1-212x300.jpg 212w, https:\/\/blog.cancaonova.com\/paisecatequistas\/files\/2023\/09\/papa1-768x1086.jpg 768w\" sizes=\"(max-width: 1010px) 100vw, 1010px\" \/><\/a><\/p>\n<p><a href=\"http:\/\/blog.cancaonova.com\/paisecatequistas\/files\/2023\/09\/papa2.jpg\"><img loading=\"lazy\" decoding=\"async\" class=\" wp-image-15290 alignnone\" src=\"http:\/\/blog.cancaonova.com\/paisecatequistas\/files\/2023\/09\/papa2.jpg\" alt=\"\" width=\"1009\" height=\"1427\" srcset=\"https:\/\/blog.cancaonova.com\/paisecatequistas\/files\/2023\/09\/papa2.jpg 1414w, https:\/\/blog.cancaonova.com\/paisecatequistas\/files\/2023\/09\/papa2-212x300.jpg 212w, https:\/\/blog.cancaonova.com\/paisecatequistas\/files\/2023\/09\/papa2-768x1086.jpg 768w\" sizes=\"(max-width: 1009px) 100vw, 1009px\" \/><\/a><\/p>\n","protected":false},"excerpt":{"rendered":"<p>Papa Francisco e seu amor pela Palavra de Deus, que \u00e9 Viva e o pr\u00f3prio Deus.<\/p>\n","protected":false},"author":4340,"featured_media":15291,"comment_status":"open","ping_status":"open","sticky":false,"template":"","format":"standard","meta":{"_mi_skip_tracking":false,"_monsterinsights_sitenote_active":false,"_monsterinsights_sitenote_note":"","_monsterinsights_sitenote_category":0,"footnotes":""},"categories":[1],"tags":[],"_links":{"self":[{"href":"https:\/\/blog.cancaonova.com\/paisecatequistas\/wp-json\/wp\/v2\/posts\/15286"}],"collection":[{"href":"https:\/\/blog.cancaonova.com\/paisecatequistas\/wp-json\/wp\/v2\/posts"}],"about":[{"href":"https:\/\/blog.cancaonova.com\/paisecatequistas\/wp-json\/wp\/v2\/types\/post"}],"author":[{"embeddable":true,"href":"https:\/\/blog.cancaonova.com\/paisecatequistas\/wp-json\/wp\/v2\/users\/4340"}],"replies":[{"embeddable":true,"href":"https:\/\/blog.cancaonova.com\/paisecatequistas\/wp-json\/wp\/v2\/comments?post=15286"}],"version-history":[{"count":2,"href":"https:\/\/blog.cancaonova.com\/paisecatequistas\/wp-json\/wp\/v2\/posts\/15286\/revisions"}],"predecessor-version":[{"id":15293,"href":"https:\/\/blog.cancaonova.com\/paisecatequistas\/wp-json\/wp\/v2\/posts\/15286\/revisions\/15293"}],"wp:featuredmedia":[{"embeddable":true,"href":"https:\/\/blog.cancaonova.com\/paisecatequistas\/wp-json\/wp\/v2\/media\/15291"}],"wp:attachment":[{"href":"https:\/\/blog.cancaonova.com\/paisecatequistas\/wp-json\/wp\/v2\/media?parent=15286"}],"wp:term":[{"taxonomy":"category","embeddable":true,"href":"https:\/\/blog.cancaonova.com\/paisecatequistas\/wp-json\/wp\/v2\/categories?post=15286"},{"taxonomy":"post_tag","embeddable":true,"href":"https:\/\/blog.cancaonova.com\/paisecatequistas\/wp-json\/wp\/v2\/tags?post=15286"}],"curies":[{"name":"wp","href":"https:\/\/api.w.org\/{rel}","templated":true}]}}