{"id":15314,"date":"2023-09-06T10:20:57","date_gmt":"2023-09-06T12:20:57","guid":{"rendered":"http:\/\/blog.cancaonova.com\/paisecatequistas\/?p=15314"},"modified":"2024-09-04T09:21:50","modified_gmt":"2024-09-04T11:21:50","slug":"hq-um-tempo-para-tudo","status":"publish","type":"post","link":"https:\/\/blog.cancaonova.com\/paisecatequistas\/hq-um-tempo-para-tudo\/","title":{"rendered":"HQ - Um tempo para tudo"},"content":{"rendered":"<p>Nesta <em>Historia em Quadrinhos<\/em> , Bia leva uma grande susto, mas com ele aprende que <em>&#8220;para tudo h\u00e1 um tempo, para cada coisa h\u00e1 um momento debaixo dos c\u00e9us, tempo para nascer, e tempo para morrer; tempo para plantar, e tempo para arrancar o que foi plantado&#8221;.<\/em><\/p>\n<p><img loading=\"lazy\" decoding=\"async\" class=\"aligncenter size-full wp-image-15329\" src=\"http:\/\/blog.cancaonova.com\/paisecatequistas\/files\/2023\/09\/1-1.jpg\" alt=\"\" width=\"1414\" height=\"2000\" srcset=\"https:\/\/blog.cancaonova.com\/paisecatequistas\/files\/2023\/09\/1-1.jpg 1414w, https:\/\/blog.cancaonova.com\/paisecatequistas\/files\/2023\/09\/1-1-212x300.jpg 212w, https:\/\/blog.cancaonova.com\/paisecatequistas\/files\/2023\/09\/1-1-768x1086.jpg 768w\" sizes=\"(max-width: 1414px) 100vw, 1414px\" \/> <img loading=\"lazy\" decoding=\"async\" class=\"aligncenter size-full wp-image-15328\" src=\"http:\/\/blog.cancaonova.com\/paisecatequistas\/files\/2023\/09\/2-1.jpg\" alt=\"\" width=\"1414\" height=\"2000\" srcset=\"https:\/\/blog.cancaonova.com\/paisecatequistas\/files\/2023\/09\/2-1.jpg 1414w, https:\/\/blog.cancaonova.com\/paisecatequistas\/files\/2023\/09\/2-1-212x300.jpg 212w, https:\/\/blog.cancaonova.com\/paisecatequistas\/files\/2023\/09\/2-1-768x1086.jpg 768w\" sizes=\"(max-width: 1414px) 100vw, 1414px\" \/> <img loading=\"lazy\" decoding=\"async\" class=\"aligncenter size-full wp-image-15327\" src=\"http:\/\/blog.cancaonova.com\/paisecatequistas\/files\/2023\/09\/3-1.jpg\" alt=\"\" width=\"1414\" height=\"2000\" srcset=\"https:\/\/blog.cancaonova.com\/paisecatequistas\/files\/2023\/09\/3-1.jpg 1414w, https:\/\/blog.cancaonova.com\/paisecatequistas\/files\/2023\/09\/3-1-212x300.jpg 212w, https:\/\/blog.cancaonova.com\/paisecatequistas\/files\/2023\/09\/3-1-768x1086.jpg 768w\" sizes=\"(max-width: 1414px) 100vw, 1414px\" \/> <img loading=\"lazy\" decoding=\"async\" class=\"aligncenter size-full wp-image-15326\" src=\"http:\/\/blog.cancaonova.com\/paisecatequistas\/files\/2023\/09\/4-1.jpg\" alt=\"\" width=\"1414\" height=\"2000\" srcset=\"https:\/\/blog.cancaonova.com\/paisecatequistas\/files\/2023\/09\/4-1.jpg 1414w, https:\/\/blog.cancaonova.com\/paisecatequistas\/files\/2023\/09\/4-1-212x300.jpg 212w, https:\/\/blog.cancaonova.com\/paisecatequistas\/files\/2023\/09\/4-1-768x1086.jpg 768w\" sizes=\"(max-width: 1414px) 100vw, 1414px\" \/><\/p>\n","protected":false},"excerpt":{"rendered":"<p>Nesta Historia em Quadrinhos , Bia leva uma grande susto, mas com ele aprende que &#8220;para tudo h\u00e1 um tempo, para cada coisa h\u00e1 um momento debaixo dos c\u00e9us, tempo para nascer, e tempo para morrer; tempo para plantar, e tempo para arrancar o que foi plantado&#8221;. <a href=\"https:\/\/blog.cancaonova.com\/paisecatequistas\/hq-um-tempo-para-tudo\/\">Continue lendo <span class=\"meta-nav\">&rarr;<\/span><\/a><\/p>\n","protected":false},"author":4414,"featured_media":17538,"comment_status":"closed","ping_status":"closed","sticky":false,"template":"","format":"standard","meta":{"_mi_skip_tracking":false,"_monsterinsights_sitenote_active":false,"_monsterinsights_sitenote_note":"","_monsterinsights_sitenote_category":0,"footnotes":""},"categories":[1],"tags":[],"_links":{"self":[{"href":"https:\/\/blog.cancaonova.com\/paisecatequistas\/wp-json\/wp\/v2\/posts\/15314"}],"collection":[{"href":"https:\/\/blog.cancaonova.com\/paisecatequistas\/wp-json\/wp\/v2\/posts"}],"about":[{"href":"https:\/\/blog.cancaonova.com\/paisecatequistas\/wp-json\/wp\/v2\/types\/post"}],"author":[{"embeddable":true,"href":"https:\/\/blog.cancaonova.com\/paisecatequistas\/wp-json\/wp\/v2\/users\/4414"}],"replies":[{"embeddable":true,"href":"https:\/\/blog.cancaonova.com\/paisecatequistas\/wp-json\/wp\/v2\/comments?post=15314"}],"version-history":[{"count":9,"href":"https:\/\/blog.cancaonova.com\/paisecatequistas\/wp-json\/wp\/v2\/posts\/15314\/revisions"}],"predecessor-version":[{"id":17844,"href":"https:\/\/blog.cancaonova.com\/paisecatequistas\/wp-json\/wp\/v2\/posts\/15314\/revisions\/17844"}],"wp:featuredmedia":[{"embeddable":true,"href":"https:\/\/blog.cancaonova.com\/paisecatequistas\/wp-json\/wp\/v2\/media\/17538"}],"wp:attachment":[{"href":"https:\/\/blog.cancaonova.com\/paisecatequistas\/wp-json\/wp\/v2\/media?parent=15314"}],"wp:term":[{"taxonomy":"category","embeddable":true,"href":"https:\/\/blog.cancaonova.com\/paisecatequistas\/wp-json\/wp\/v2\/categories?post=15314"},{"taxonomy":"post_tag","embeddable":true,"href":"https:\/\/blog.cancaonova.com\/paisecatequistas\/wp-json\/wp\/v2\/tags?post=15314"}],"curies":[{"name":"wp","href":"https:\/\/api.w.org\/{rel}","templated":true}]}}