{"id":15344,"date":"2023-09-06T13:57:37","date_gmt":"2023-09-06T15:57:37","guid":{"rendered":"http:\/\/blog.cancaonova.com\/paisecatequistas\/?p=15344"},"modified":"2024-09-04T11:19:33","modified_gmt":"2024-09-04T13:19:33","slug":"minha-companheira-de-muitos-anos","status":"publish","type":"post","link":"https:\/\/blog.cancaonova.com\/paisecatequistas\/minha-companheira-de-muitos-anos\/","title":{"rendered":"Minha \"companheira\" de muitos anos"},"content":{"rendered":"<p>&#8220;Ah, se voc\u00eas vissem a minha B\u00edblia, diriam: \u2018O qu\u00ea? Esta \u00e9 a B\u00edblia do Papa? Um livro assim velho, t\u00e3o usado?!\u2019, disse o Papa Francisco.<\/p>\n<p><img loading=\"lazy\" decoding=\"async\" class=\"size-full wp-image-15358 alignnone\" src=\"http:\/\/blog.cancaonova.com\/paisecatequistas\/files\/2023\/09\/24-e-25-ok.png\" alt=\"\" width=\"1605\" height=\"1716\" srcset=\"https:\/\/blog.cancaonova.com\/paisecatequistas\/files\/2023\/09\/24-e-25-ok.png 1605w, https:\/\/blog.cancaonova.com\/paisecatequistas\/files\/2023\/09\/24-e-25-ok-281x300.png 281w, https:\/\/blog.cancaonova.com\/paisecatequistas\/files\/2023\/09\/24-e-25-ok-768x821.png 768w\" sizes=\"(max-width: 1605px) 100vw, 1605px\" \/><\/p>\n<p><img loading=\"lazy\" decoding=\"async\" class=\"size-full wp-image-15346 alignnone\" src=\"http:\/\/blog.cancaonova.com\/paisecatequistas\/files\/2023\/09\/24-e-25-2.png\" alt=\"\" width=\"1653\" height=\"1004\" srcset=\"https:\/\/blog.cancaonova.com\/paisecatequistas\/files\/2023\/09\/24-e-25-2.png 1653w, https:\/\/blog.cancaonova.com\/paisecatequistas\/files\/2023\/09\/24-e-25-2-300x182.png 300w, https:\/\/blog.cancaonova.com\/paisecatequistas\/files\/2023\/09\/24-e-25-2-768x466.png 768w\" sizes=\"(max-width: 1653px) 100vw, 1653px\" \/><\/p>\n<p><img loading=\"lazy\" decoding=\"async\" class=\" wp-image-15349 alignnone\" src=\"http:\/\/blog.cancaonova.com\/paisecatequistas\/files\/2023\/09\/revista-1.jpg\" alt=\"\" width=\"1073\" height=\"715\" srcset=\"https:\/\/blog.cancaonova.com\/paisecatequistas\/files\/2023\/09\/revista-1.jpg 900w, https:\/\/blog.cancaonova.com\/paisecatequistas\/files\/2023\/09\/revista-1-300x200.jpg 300w, https:\/\/blog.cancaonova.com\/paisecatequistas\/files\/2023\/09\/revista-1-768x512.jpg 768w\" sizes=\"(max-width: 1073px) 100vw, 1073px\" \/><\/p>\n","protected":false},"excerpt":{"rendered":"<p>&#8220;Ah, se voc\u00eas vissem a minha B\u00edblia, diriam: \u2018O qu\u00ea? Esta \u00e9 a B\u00edblia do Papa? Um livro assim velho, t\u00e3o usado?!\u2019, disse o Papa Francisco.<\/p>\n","protected":false},"author":4414,"featured_media":15352,"comment_status":"closed","ping_status":"closed","sticky":false,"template":"","format":"standard","meta":{"_mi_skip_tracking":false,"_monsterinsights_sitenote_active":false,"_monsterinsights_sitenote_note":"","_monsterinsights_sitenote_category":0,"footnotes":""},"categories":[200710],"tags":[],"_links":{"self":[{"href":"https:\/\/blog.cancaonova.com\/paisecatequistas\/wp-json\/wp\/v2\/posts\/15344"}],"collection":[{"href":"https:\/\/blog.cancaonova.com\/paisecatequistas\/wp-json\/wp\/v2\/posts"}],"about":[{"href":"https:\/\/blog.cancaonova.com\/paisecatequistas\/wp-json\/wp\/v2\/types\/post"}],"author":[{"embeddable":true,"href":"https:\/\/blog.cancaonova.com\/paisecatequistas\/wp-json\/wp\/v2\/users\/4414"}],"replies":[{"embeddable":true,"href":"https:\/\/blog.cancaonova.com\/paisecatequistas\/wp-json\/wp\/v2\/comments?post=15344"}],"version-history":[{"count":6,"href":"https:\/\/blog.cancaonova.com\/paisecatequistas\/wp-json\/wp\/v2\/posts\/15344\/revisions"}],"predecessor-version":[{"id":15359,"href":"https:\/\/blog.cancaonova.com\/paisecatequistas\/wp-json\/wp\/v2\/posts\/15344\/revisions\/15359"}],"wp:featuredmedia":[{"embeddable":true,"href":"https:\/\/blog.cancaonova.com\/paisecatequistas\/wp-json\/wp\/v2\/media\/15352"}],"wp:attachment":[{"href":"https:\/\/blog.cancaonova.com\/paisecatequistas\/wp-json\/wp\/v2\/media?parent=15344"}],"wp:term":[{"taxonomy":"category","embeddable":true,"href":"https:\/\/blog.cancaonova.com\/paisecatequistas\/wp-json\/wp\/v2\/categories?post=15344"},{"taxonomy":"post_tag","embeddable":true,"href":"https:\/\/blog.cancaonova.com\/paisecatequistas\/wp-json\/wp\/v2\/tags?post=15344"}],"curies":[{"name":"wp","href":"https:\/\/api.w.org\/{rel}","templated":true}]}}