{"id":1535,"date":"2015-08-01T08:00:22","date_gmt":"2015-08-01T10:00:22","guid":{"rendered":"http:\/\/blog.cancaonova.com\/paisecatequistas\/?p=1535"},"modified":"2015-07-30T10:18:15","modified_gmt":"2015-07-30T12:18:15","slug":"1535","status":"publish","type":"post","link":"https:\/\/blog.cancaonova.com\/paisecatequistas\/1535\/","title":{"rendered":"Atividade"},"content":{"rendered":"<p style=\"text-align: center\"><a href=\"http:\/\/blog.cancaonova.com\/paisecatequistas\/files\/2010\/08\/o-senhor-ac2a9-meu-pastor.jpg\"><img loading=\"lazy\" decoding=\"async\" class=\"alignnone size-full wp-image-1533\" src=\"http:\/\/blog.cancaonova.com\/paisecatequistas\/files\/2010\/08\/o-senhor-ac2a9-meu-pastor.jpg\" alt=\"\" width=\"400\" height=\"400\" \/><\/a><\/p>\n<h1 style=\"text-align: center\"><span style=\"color: #ff0000\"><a title=\"Voca\u00e7\u00e3o\" href=\"http:\/\/blog.cancaonova.com\/paisecatequistas\/files\/2010\/08\/vocacao.doc\" target=\"_blank\">CLIQUE AQUI!<\/a><\/span><\/h1>\n<p class=\"western\" style=\"margin-bottom: 0cm\"><span style=\"font-family: Arial, sans-serif\"><span style=\"font-size: x-small\"><strong>ATIVIDADE PARA OS CATEQUIZANDOS:<\/strong><\/span><\/span><\/p>\n<p class=\"western\" style=\"margin-bottom: 0cm\"><span style=\"font-family: Arial, sans-serif\"><span style=\"font-size: x-small\">Entrevistar um padre, uma religiosa ou um mission\u00e1rio.<\/span><\/span><\/p>\n<p class=\"western\" style=\"margin-bottom: 0cm\"><span style=\"font-family: Arial, sans-serif\"><span style=\"font-size: x-small\">Fazer 2 perguntas: <\/span><\/span><\/p>\n<p class=\"western\" style=\"margin-bottom: 0cm\"><span style=\"font-family: Arial, sans-serif\"><span style=\"font-size: x-small\">1- Como ele descobriu sua voca\u00e7\u00e3o?<\/span><\/span><\/p>\n<p class=\"western\" style=\"margin-bottom: 0cm\"><span style=\"font-family: Arial, sans-serif\"><span style=\"font-size: x-small\">2 \u2013 Se ele \u00e9 feliz vivendo sua voca\u00e7\u00e3o?<\/span><\/span><\/p>\n<p class=\"western\" style=\"margin-bottom: 0cm\"><span style=\"font-family: Arial;font-size: x-small\">Partilhar na Catequese essa entrevista. <\/span><\/p>\n<p class=\"western\" style=\"margin-bottom: 0cm\"><span style=\"font-family: Arial;font-size: x-small\">Deus aben\u00e7oe<\/span><\/p>\n<p class=\"western\" style=\"margin-bottom: 0cm\">\n","protected":false},"excerpt":{"rendered":"<p>CLIQUE AQUI! ATIVIDADE PARA OS CATEQUIZANDOS: Entrevistar um padre, uma religiosa ou um mission\u00e1rio. Fazer 2 perguntas: 1- Como ele descobriu sua voca\u00e7\u00e3o? 2 \u2013 Se ele \u00e9 feliz vivendo sua voca\u00e7\u00e3o? Partilhar na Catequese essa entrevista. Deus aben\u00e7oe<\/p>\n","protected":false},"author":4340,"featured_media":0,"comment_status":"open","ping_status":"open","sticky":false,"template":"","format":"standard","meta":{"_mi_skip_tracking":false,"_monsterinsights_sitenote_active":false,"_monsterinsights_sitenote_note":"","_monsterinsights_sitenote_category":0,"footnotes":""},"categories":[16089],"tags":[15521,15975,17886,16100,20254,141],"_links":{"self":[{"href":"https:\/\/blog.cancaonova.com\/paisecatequistas\/wp-json\/wp\/v2\/posts\/1535"}],"collection":[{"href":"https:\/\/blog.cancaonova.com\/paisecatequistas\/wp-json\/wp\/v2\/posts"}],"about":[{"href":"https:\/\/blog.cancaonova.com\/paisecatequistas\/wp-json\/wp\/v2\/types\/post"}],"author":[{"embeddable":true,"href":"https:\/\/blog.cancaonova.com\/paisecatequistas\/wp-json\/wp\/v2\/users\/4340"}],"replies":[{"embeddable":true,"href":"https:\/\/blog.cancaonova.com\/paisecatequistas\/wp-json\/wp\/v2\/comments?post=1535"}],"version-history":[{"count":7,"href":"https:\/\/blog.cancaonova.com\/paisecatequistas\/wp-json\/wp\/v2\/posts\/1535\/revisions"}],"predecessor-version":[{"id":6896,"href":"https:\/\/blog.cancaonova.com\/paisecatequistas\/wp-json\/wp\/v2\/posts\/1535\/revisions\/6896"}],"wp:attachment":[{"href":"https:\/\/blog.cancaonova.com\/paisecatequistas\/wp-json\/wp\/v2\/media?parent=1535"}],"wp:term":[{"taxonomy":"category","embeddable":true,"href":"https:\/\/blog.cancaonova.com\/paisecatequistas\/wp-json\/wp\/v2\/categories?post=1535"},{"taxonomy":"post_tag","embeddable":true,"href":"https:\/\/blog.cancaonova.com\/paisecatequistas\/wp-json\/wp\/v2\/tags?post=1535"}],"curies":[{"name":"wp","href":"https:\/\/api.w.org\/{rel}","templated":true}]}}