{"id":15360,"date":"2023-09-06T16:00:23","date_gmt":"2023-09-06T18:00:23","guid":{"rendered":"http:\/\/blog.cancaonova.com\/paisecatequistas\/?p=15360"},"modified":"2024-06-19T10:32:16","modified_gmt":"2024-06-19T12:32:16","slug":"padre-jonas-da-biblia","status":"publish","type":"post","link":"https:\/\/blog.cancaonova.com\/paisecatequistas\/padre-jonas-da-biblia\/","title":{"rendered":"Padre Jonas da \"B\u00edblia\""},"content":{"rendered":"<p>Assim era a forma como os mais simples entendiam ao ouvir o nome Padre Jonas Abib: Padre Jonas da B\u00edblia.<\/p>\n<p>E, de fato, \u00e9 uma verdade, pois ele era um apaixonado pela Palavra de Deus!<\/p>\n<p>A B\u00edblia Sagrada n\u00e3o \u00e9 simplesmente um livro. Ela \u00e9 a Palavra de Deus que fala conosco todos os dias.<\/p>\n<p>A B\u00edblia \u00e9 uma Pessoa, \u00e9 Jesus, o Verbo encarnado!<\/p>\n<p>Por seu amor \u00e0 Palavra de Deus e aos jovens, Padre Jonas criou um m\u00e9todo para ler e estudar a B\u00edblia.<\/p>\n<p>\u00c9 um jeito pr\u00e1tico, f\u00e1cil e simples, para que cada pessoa tenha o seu \u201cDi\u00e1rio Espiritual\u201d.<\/p>\n<p><img loading=\"lazy\" decoding=\"async\" class=\"size-full wp-image-15361 alignnone\" src=\"http:\/\/blog.cancaonova.com\/paisecatequistas\/files\/2023\/09\/pj1.jpg\" alt=\"\" width=\"900\" height=\"600\" srcset=\"https:\/\/blog.cancaonova.com\/paisecatequistas\/files\/2023\/09\/pj1.jpg 900w, https:\/\/blog.cancaonova.com\/paisecatequistas\/files\/2023\/09\/pj1-300x200.jpg 300w, https:\/\/blog.cancaonova.com\/paisecatequistas\/files\/2023\/09\/pj1-768x512.jpg 768w\" sizes=\"(max-width: 900px) 100vw, 900px\" \/><\/p>\n<p><strong><span style=\"color: #0000ff\">Geleia Real<\/span><\/strong><\/p>\n<p>A Palavra de Deus \u00e9 o alimento para a nossa alma. Assim como a geleia real \u00e9 um alimento especial da abelha rainha e das larvas da futura rainha, podemos dizer que a Palavra de Deus, na B\u00edblia, \u00e9 o nosso alimento especial!<\/p>\n<p>\u00c9 a \u201cgeleia real\u201d dos filhos de Deus. Ela, e somente Ela, \u00e9 que forma os amigos de Deus.<\/p>\n<p><img loading=\"lazy\" decoding=\"async\" class=\"size-full wp-image-15362 alignnone\" src=\"http:\/\/blog.cancaonova.com\/paisecatequistas\/files\/2023\/09\/mel.png\" alt=\"\" width=\"900\" height=\"600\" srcset=\"https:\/\/blog.cancaonova.com\/paisecatequistas\/files\/2023\/09\/mel.png 900w, https:\/\/blog.cancaonova.com\/paisecatequistas\/files\/2023\/09\/mel-300x200.png 300w, https:\/\/blog.cancaonova.com\/paisecatequistas\/files\/2023\/09\/mel-768x512.png 768w\" sizes=\"(max-width: 900px) 100vw, 900px\" \/><\/p>\n<p><span style=\"color: #0000ff\"><strong>A B\u00edblia foi escrita para voc\u00ea!<\/strong><\/span><\/p>\n<p>Por isso \u00e9 importante reservarmos um tempinho, todos os dias, para lermos a B\u00edblia e ouvirmos o que Deus quer nos falar. Assim como Jesus, cresceremos em estatura, gra\u00e7a, conhecimento e intimidade com Deus!<\/p>\n<p>E os sentinelas descobriram isso com um lindo presente que a Isadora ganhou, vamos ver como tudo aconteceu?<\/p>\n<p><iframe loading=\"lazy\" title=\"Sentinelas: A b\u00c3\u00adblia foi escrita para voc\u00c3\u00aa\" width=\"600\" height=\"338\" src=\"https:\/\/www.youtube.com\/embed\/rv3U9SAa-Wg?feature=oembed&amp;rel=0\" frameborder=\"0\" allow=\"accelerometer; autoplay; clipboard-write; encrypted-media; gyroscope; picture-in-picture; web-share\" referrerpolicy=\"strict-origin-when-cross-origin\" allowfullscreen><\/iframe><\/p>\n<p><img loading=\"lazy\" decoding=\"async\" class=\"size-full wp-image-15363 alignnone\" src=\"http:\/\/blog.cancaonova.com\/paisecatequistas\/files\/2023\/09\/bb.png\" alt=\"\" width=\"900\" height=\"600\" srcset=\"https:\/\/blog.cancaonova.com\/paisecatequistas\/files\/2023\/09\/bb.png 900w, https:\/\/blog.cancaonova.com\/paisecatequistas\/files\/2023\/09\/bb-300x200.png 300w, https:\/\/blog.cancaonova.com\/paisecatequistas\/files\/2023\/09\/bb-768x512.png 768w\" sizes=\"(max-width: 900px) 100vw, 900px\" \/><\/p>\n","protected":false},"excerpt":{"rendered":"<p>Assim, era a forma como os mais simples entendiam ao ouvir o nome Padre Jonas Abib: Padre Jonas da B\u00edblia.<\/p>\n<p>E, de fato, \u00e9 uma verdade, pois ele era um apaixonado pela Palavra de Deus!<\/p>\n<p>A B\u00edblia Sagrada n\u00e3o \u00e9 simplesmente um livro. Ela \u00e9 a Palavra de Deus que fala conosco todos os dias.<\/p>\n<p>A B\u00edblia \u00e9 uma Pessoa, \u00e9 Jesus, o Verbo encarnado!<\/p>\n<p>Por seu amor \u00e0 Palavra de Deus e aos jovens, Padre Jonas criou um m\u00e9todo para ler e estudar a B\u00edblia.<\/p>\n<p>\u00c9 um jeito pr\u00e1tico, f\u00e1cil e simples, para que cada pessoa tenha o seu \u201cDi\u00e1rio Espiritual\u201d. <a href=\"https:\/\/blog.cancaonova.com\/paisecatequistas\/padre-jonas-da-biblia\/\">Continue lendo <span class=\"meta-nav\">&rarr;<\/span><\/a><\/p>\n","protected":false},"author":4414,"featured_media":16464,"comment_status":"open","ping_status":"open","sticky":false,"template":"","format":"standard","meta":{"_mi_skip_tracking":false,"_monsterinsights_sitenote_active":false,"_monsterinsights_sitenote_note":"","_monsterinsights_sitenote_category":0,"footnotes":""},"categories":[200710,1],"tags":[18365,34,16619,8531,18196,21386,18235,8181,192567],"_links":{"self":[{"href":"https:\/\/blog.cancaonova.com\/paisecatequistas\/wp-json\/wp\/v2\/posts\/15360"}],"collection":[{"href":"https:\/\/blog.cancaonova.com\/paisecatequistas\/wp-json\/wp\/v2\/posts"}],"about":[{"href":"https:\/\/blog.cancaonova.com\/paisecatequistas\/wp-json\/wp\/v2\/types\/post"}],"author":[{"embeddable":true,"href":"https:\/\/blog.cancaonova.com\/paisecatequistas\/wp-json\/wp\/v2\/users\/4414"}],"replies":[{"embeddable":true,"href":"https:\/\/blog.cancaonova.com\/paisecatequistas\/wp-json\/wp\/v2\/comments?post=15360"}],"version-history":[{"count":9,"href":"https:\/\/blog.cancaonova.com\/paisecatequistas\/wp-json\/wp\/v2\/posts\/15360\/revisions"}],"predecessor-version":[{"id":17541,"href":"https:\/\/blog.cancaonova.com\/paisecatequistas\/wp-json\/wp\/v2\/posts\/15360\/revisions\/17541"}],"wp:featuredmedia":[{"embeddable":true,"href":"https:\/\/blog.cancaonova.com\/paisecatequistas\/wp-json\/wp\/v2\/media\/16464"}],"wp:attachment":[{"href":"https:\/\/blog.cancaonova.com\/paisecatequistas\/wp-json\/wp\/v2\/media?parent=15360"}],"wp:term":[{"taxonomy":"category","embeddable":true,"href":"https:\/\/blog.cancaonova.com\/paisecatequistas\/wp-json\/wp\/v2\/categories?post=15360"},{"taxonomy":"post_tag","embeddable":true,"href":"https:\/\/blog.cancaonova.com\/paisecatequistas\/wp-json\/wp\/v2\/tags?post=15360"}],"curies":[{"name":"wp","href":"https:\/\/api.w.org\/{rel}","templated":true}]}}