{"id":15377,"date":"2023-09-11T11:03:19","date_gmt":"2023-09-11T13:03:19","guid":{"rendered":"http:\/\/blog.cancaonova.com\/paisecatequistas\/?p=15377"},"modified":"2024-01-11T09:48:37","modified_gmt":"2024-01-11T11:48:37","slug":"diarinho-biblico-com-o-janjao","status":"publish","type":"post","link":"https:\/\/blog.cancaonova.com\/paisecatequistas\/diarinho-biblico-com-o-janjao\/","title":{"rendered":"Diarinho B\u00edblico com o Janj\u00e3o"},"content":{"rendered":"<p>Padre Jonas sempre nos ensinou que a Palavra de Deus \u00e9 viva e \u00e9 o Pr\u00f3prio Deus. Foi pela experi\u00eancia com os jovens que nasceu o m\u00e9todo &#8216;A B\u00edblia no meu dia a dia&#8217;.<\/p>\n<p>A Palavra de Deus \u00e9 como a <strong>semente que cai em terra boa do nosso cora\u00e7\u00e3o<\/strong>, e, quando floresce, traz as riquezas de Deus em nosso cora\u00e7\u00e3o.<\/p>\n<p>Quanto mais conhecemos a B\u00edblia Sagrada, fazemos a experi\u00eancia de que ela foi escrita para n\u00f3s, e entendemos que ela precisa fazer parte do nosso dia a dia, mais crescemos na f\u00e9, no amor a Deus e \u00e0 Igreja.<\/p>\n<p>Padre Jonas nos ensinou que a Can\u00e7\u00e3o Nova\u00a0<a href=\"http:\/\/blog.cancaonova.com\/paisecatequistas\/2023\/08\/29\/nascemos-da-palavra-de-deus\/\"><strong>nasceu da Palavra de Deus<\/strong><\/a>.<\/p>\n<p>Por isso Janj\u00e3o vai nos ajudar a fazer o nosso <strong>Diarinho B\u00edblico<\/strong>. Vamos aprender para ensinar as nossas crian\u00e7as?<\/p>\n<p><iframe loading=\"lazy\" title=\"Diarinho B\u00c3\u00adblico com o Janj\u00c3\u00a3o\" width=\"600\" height=\"338\" src=\"https:\/\/www.youtube.com\/embed\/G3qGgHzX2bA?feature=oembed&amp;rel=0\" frameborder=\"0\" allow=\"accelerometer; autoplay; clipboard-write; encrypted-media; gyroscope; picture-in-picture; web-share\" referrerpolicy=\"strict-origin-when-cross-origin\" allowfullscreen><\/iframe><\/p>\n","protected":false},"excerpt":{"rendered":"<p>Padre Jonas sempre nos ensinou que a Palavra de Deus \u00e9 viva e \u00e9 o Pr\u00f3prio Deus. Foi pela experi\u00eancia com os jovens que nasceu o m\u00e9todo &#8216;A B\u00edblia no meu dia a dia&#8217;.<\/p>\n<p>A Palavra de Deus \u00e9 como a semente que cai em terra boa do nosso cora\u00e7\u00e3o, e, quando floresce, traz as riquezas de Deus em nosso cora\u00e7\u00e3o. <a href=\"https:\/\/blog.cancaonova.com\/paisecatequistas\/diarinho-biblico-com-o-janjao\/\">Continue lendo <span class=\"meta-nav\">&rarr;<\/span><\/a><\/p>\n","protected":false},"author":4340,"featured_media":16471,"comment_status":"open","ping_status":"open","sticky":false,"template":"","format":"standard","meta":{"_mi_skip_tracking":false,"_monsterinsights_sitenote_active":false,"_monsterinsights_sitenote_note":"","_monsterinsights_sitenote_category":0,"footnotes":""},"categories":[200710],"tags":[19381,5011,17102,84537,18306,18235,16289],"_links":{"self":[{"href":"https:\/\/blog.cancaonova.com\/paisecatequistas\/wp-json\/wp\/v2\/posts\/15377"}],"collection":[{"href":"https:\/\/blog.cancaonova.com\/paisecatequistas\/wp-json\/wp\/v2\/posts"}],"about":[{"href":"https:\/\/blog.cancaonova.com\/paisecatequistas\/wp-json\/wp\/v2\/types\/post"}],"author":[{"embeddable":true,"href":"https:\/\/blog.cancaonova.com\/paisecatequistas\/wp-json\/wp\/v2\/users\/4340"}],"replies":[{"embeddable":true,"href":"https:\/\/blog.cancaonova.com\/paisecatequistas\/wp-json\/wp\/v2\/comments?post=15377"}],"version-history":[{"count":6,"href":"https:\/\/blog.cancaonova.com\/paisecatequistas\/wp-json\/wp\/v2\/posts\/15377\/revisions"}],"predecessor-version":[{"id":16473,"href":"https:\/\/blog.cancaonova.com\/paisecatequistas\/wp-json\/wp\/v2\/posts\/15377\/revisions\/16473"}],"wp:featuredmedia":[{"embeddable":true,"href":"https:\/\/blog.cancaonova.com\/paisecatequistas\/wp-json\/wp\/v2\/media\/16471"}],"wp:attachment":[{"href":"https:\/\/blog.cancaonova.com\/paisecatequistas\/wp-json\/wp\/v2\/media?parent=15377"}],"wp:term":[{"taxonomy":"category","embeddable":true,"href":"https:\/\/blog.cancaonova.com\/paisecatequistas\/wp-json\/wp\/v2\/categories?post=15377"},{"taxonomy":"post_tag","embeddable":true,"href":"https:\/\/blog.cancaonova.com\/paisecatequistas\/wp-json\/wp\/v2\/tags?post=15377"}],"curies":[{"name":"wp","href":"https:\/\/api.w.org\/{rel}","templated":true}]}}