{"id":15381,"date":"2023-09-11T15:40:23","date_gmt":"2023-09-11T17:40:23","guid":{"rendered":"http:\/\/blog.cancaonova.com\/paisecatequistas\/?p=15381"},"modified":"2023-09-12T11:58:18","modified_gmt":"2023-09-12T13:58:18","slug":"15381","status":"publish","type":"post","link":"https:\/\/blog.cancaonova.com\/paisecatequistas\/15381\/","title":{"rendered":"Nome Sant\u00edssimo da Virgem Maria"},"content":{"rendered":"<p>O Anjo enviado por Deus disse a Nossa Senhora: \u201cN\u00e3o temas,<em><strong> Maria<\/strong><\/em>, pois achaste gra\u00e7a diante de Deus\u201d.<\/p>\n<p>Est\u00e1 no Catecismo, no numero 2158, que Deus chama cada pessoa pelo nome.<\/p>\n<p>A\u00a0liturgia\u00a0celebra, no dia 12 de setembro, o Nome Sant\u00edssimo da Virgem Maria (Miryam, em hebraico).<\/p>\n<p>Essa festa teve in\u00edcio na Espanha, em 1513, e espalhou-se por todo o pa\u00eds. Em 1683, o\u00a0Papa\u00a0Inoc\u00eancio XI a estendeu para toda a Igreja do Ocidente como um ato de a\u00e7\u00e3o de gra\u00e7as pelo levantamento do cerco de Viena e a derrota dos turcos por Jo\u00e3o Sobieski, rei da Pol\u00f4nia. Na \u00e9poca, a data dessa celebra\u00e7\u00e3o foi definida para ser no domingo, dentro da oitava da Natividade de Nossa Senhora.<span style=\"color: #0000ff\">\u00a0<a href=\"http:\/\/Essa festa teve in\u00edcio na Espanha, em 1513, e espalhou-se por todo o pa\u00eds. Em 1683, o Papa Inoc\u00eancio XI a estendeu para toda a Igreja do Ocidente como um ato de a\u00e7\u00e3o de gra\u00e7as pelo levantamento do cerco de Viena e a derrota dos turcos por Jo\u00e3o Sobieski, rei da Pol\u00f4nia. Na \u00e9poca, a data dessa celebra\u00e7\u00e3o foi definida para ser no domingo, dentro da oitava da Natividade de Nossa Senhora.\">(saiba mais&#8230;)<\/a><\/span><\/p>\n<p>Existem v\u00e1rias teorias do significado real do nome de Maria. Pela tradi\u00e7\u00e3o, dizemos que significa: <em>Estrela do Mar<\/em><\/p>\n<p>Outros <strong>significados<\/strong> s\u00e3o: <em>Senhora pura, Soberana, Aquela que \u00e9 Bela.<\/em><\/p>\n<p><a href=\"http:\/\/blog.cancaonova.com\/paisecatequistas\/files\/2023\/09\/111.jpg\"><img loading=\"lazy\" decoding=\"async\" class=\"size-full wp-image-15397 alignnone\" src=\"http:\/\/blog.cancaonova.com\/paisecatequistas\/files\/2023\/09\/111.jpg\" alt=\"\" width=\"1654\" height=\"2084\" srcset=\"https:\/\/blog.cancaonova.com\/paisecatequistas\/files\/2023\/09\/111.jpg 1654w, https:\/\/blog.cancaonova.com\/paisecatequistas\/files\/2023\/09\/111-238x300.jpg 238w, https:\/\/blog.cancaonova.com\/paisecatequistas\/files\/2023\/09\/111-768x968.jpg 768w\" sizes=\"(max-width: 1654px) 100vw, 1654px\" \/><\/a><\/p>\n<p><a href=\"http:\/\/blog.cancaonova.com\/paisecatequistas\/files\/2023\/09\/14-15-ok.png\"><img loading=\"lazy\" decoding=\"async\" class=\"alignright size-full wp-image-15398\" src=\"http:\/\/blog.cancaonova.com\/paisecatequistas\/files\/2023\/09\/14-15-ok.png\" alt=\"\" width=\"1655\" height=\"2539\" srcset=\"https:\/\/blog.cancaonova.com\/paisecatequistas\/files\/2023\/09\/14-15-ok.png 1655w, https:\/\/blog.cancaonova.com\/paisecatequistas\/files\/2023\/09\/14-15-ok-196x300.png 196w, https:\/\/blog.cancaonova.com\/paisecatequistas\/files\/2023\/09\/14-15-ok-768x1178.png 768w\" sizes=\"(max-width: 1655px) 100vw, 1655px\" \/><\/a><\/p>\n<p>&nbsp;<\/p>\n<p>&nbsp;<\/p>\n<p>&nbsp;<\/p>\n<p>&nbsp;<\/p>\n<p>&nbsp;<\/p>\n<p>&nbsp;<\/p>\n","protected":false},"excerpt":{"rendered":"<p>O Anjo enviado por Deus disse a Nossa Senhora: \u201cN\u00e3o temas, Maria, pois achaste gra\u00e7a diante de Deus\u201d. Est\u00e1 no Catecismo, no numero 2158, que Deus chama cada pessoa pelo nome. A\u00a0liturgia\u00a0celebra, no dia 12 de setembro, o Nome Sant\u00edssimo&#8230;<\/p>\n","protected":false},"author":4340,"featured_media":15388,"comment_status":"open","ping_status":"open","sticky":false,"template":"","format":"standard","meta":{"_mi_skip_tracking":false,"_monsterinsights_sitenote_active":false,"_monsterinsights_sitenote_note":"","_monsterinsights_sitenote_category":0,"footnotes":""},"categories":[1],"tags":[],"_links":{"self":[{"href":"https:\/\/blog.cancaonova.com\/paisecatequistas\/wp-json\/wp\/v2\/posts\/15381"}],"collection":[{"href":"https:\/\/blog.cancaonova.com\/paisecatequistas\/wp-json\/wp\/v2\/posts"}],"about":[{"href":"https:\/\/blog.cancaonova.com\/paisecatequistas\/wp-json\/wp\/v2\/types\/post"}],"author":[{"embeddable":true,"href":"https:\/\/blog.cancaonova.com\/paisecatequistas\/wp-json\/wp\/v2\/users\/4340"}],"replies":[{"embeddable":true,"href":"https:\/\/blog.cancaonova.com\/paisecatequistas\/wp-json\/wp\/v2\/comments?post=15381"}],"version-history":[{"count":7,"href":"https:\/\/blog.cancaonova.com\/paisecatequistas\/wp-json\/wp\/v2\/posts\/15381\/revisions"}],"predecessor-version":[{"id":15400,"href":"https:\/\/blog.cancaonova.com\/paisecatequistas\/wp-json\/wp\/v2\/posts\/15381\/revisions\/15400"}],"wp:featuredmedia":[{"embeddable":true,"href":"https:\/\/blog.cancaonova.com\/paisecatequistas\/wp-json\/wp\/v2\/media\/15388"}],"wp:attachment":[{"href":"https:\/\/blog.cancaonova.com\/paisecatequistas\/wp-json\/wp\/v2\/media?parent=15381"}],"wp:term":[{"taxonomy":"category","embeddable":true,"href":"https:\/\/blog.cancaonova.com\/paisecatequistas\/wp-json\/wp\/v2\/categories?post=15381"},{"taxonomy":"post_tag","embeddable":true,"href":"https:\/\/blog.cancaonova.com\/paisecatequistas\/wp-json\/wp\/v2\/tags?post=15381"}],"curies":[{"name":"wp","href":"https:\/\/api.w.org\/{rel}","templated":true}]}}