{"id":15504,"date":"2024-01-04T00:00:04","date_gmt":"2024-01-04T02:00:04","guid":{"rendered":"http:\/\/blog.cancaonova.com\/paisecatequistas\/?p=15504"},"modified":"2025-01-23T10:55:53","modified_gmt":"2025-01-23T12:55:53","slug":"hq-um-sonho-interessante","status":"publish","type":"post","link":"https:\/\/blog.cancaonova.com\/paisecatequistas\/hq-um-sonho-interessante\/","title":{"rendered":"HQ - Um sonho interessante"},"content":{"rendered":"<p>O que aconteceria se usassem a B\u00edblia como usam o celular? Essa, sem d\u00favida, \u00e9 uma pergunta interessante, tanto assim que Jonas teve um sonho sobre isso. Vamos ver como foi?<\/p>\n<p><a href=\"http:\/\/blog.cancaonova.com\/paisecatequistas\/files\/2023\/09\/1-4.jpg\"><img loading=\"lazy\" decoding=\"async\" class=\"size-full wp-image-15514 alignnone\" src=\"http:\/\/blog.cancaonova.com\/paisecatequistas\/files\/2023\/09\/1-4.jpg\" alt=\"\" width=\"1414\" height=\"2000\" srcset=\"https:\/\/blog.cancaonova.com\/paisecatequistas\/files\/2023\/09\/1-4.jpg 1414w, https:\/\/blog.cancaonova.com\/paisecatequistas\/files\/2023\/09\/1-4-212x300.jpg 212w, https:\/\/blog.cancaonova.com\/paisecatequistas\/files\/2023\/09\/1-4-768x1086.jpg 768w\" sizes=\"(max-width: 1414px) 100vw, 1414px\" \/><\/a><\/p>\n<p><a href=\"http:\/\/blog.cancaonova.com\/paisecatequistas\/files\/2023\/09\/corrigido8.jpg\"><img loading=\"lazy\" decoding=\"async\" class=\"alignright size-full wp-image-15517\" src=\"http:\/\/blog.cancaonova.com\/paisecatequistas\/files\/2023\/09\/corrigido8.jpg\" alt=\"\" width=\"1414\" height=\"2000\" srcset=\"https:\/\/blog.cancaonova.com\/paisecatequistas\/files\/2023\/09\/corrigido8.jpg 1414w, https:\/\/blog.cancaonova.com\/paisecatequistas\/files\/2023\/09\/corrigido8-212x300.jpg 212w, https:\/\/blog.cancaonova.com\/paisecatequistas\/files\/2023\/09\/corrigido8-768x1086.jpg 768w\" sizes=\"(max-width: 1414px) 100vw, 1414px\" \/><\/a><\/p>\n<p>&nbsp;<\/p>\n<p><a href=\"http:\/\/blog.cancaonova.com\/paisecatequistas\/files\/2023\/09\/2-5.jpg\"><img loading=\"lazy\" decoding=\"async\" class=\"size-full wp-image-15516 alignnone\" src=\"http:\/\/blog.cancaonova.com\/paisecatequistas\/files\/2023\/09\/2-5.jpg\" alt=\"\" width=\"1414\" height=\"2000\" srcset=\"https:\/\/blog.cancaonova.com\/paisecatequistas\/files\/2023\/09\/2-5.jpg 1414w, https:\/\/blog.cancaonova.com\/paisecatequistas\/files\/2023\/09\/2-5-212x300.jpg 212w, https:\/\/blog.cancaonova.com\/paisecatequistas\/files\/2023\/09\/2-5-768x1086.jpg 768w\" sizes=\"(max-width: 1414px) 100vw, 1414px\" \/><\/a><\/p>\n<p><a href=\"http:\/\/blog.cancaonova.com\/paisecatequistas\/files\/2023\/09\/4-4.jpg\"><img loading=\"lazy\" decoding=\"async\" class=\"alignright size-full wp-image-15518\" src=\"http:\/\/blog.cancaonova.com\/paisecatequistas\/files\/2023\/09\/4-4.jpg\" alt=\"\" width=\"1414\" height=\"2000\" srcset=\"https:\/\/blog.cancaonova.com\/paisecatequistas\/files\/2023\/09\/4-4.jpg 1414w, https:\/\/blog.cancaonova.com\/paisecatequistas\/files\/2023\/09\/4-4-212x300.jpg 212w, https:\/\/blog.cancaonova.com\/paisecatequistas\/files\/2023\/09\/4-4-768x1086.jpg 768w\" sizes=\"(max-width: 1414px) 100vw, 1414px\" \/><\/a><\/p>\n<p>&nbsp;<\/p>\n<p>&nbsp;<\/p>\n<p>&nbsp;<\/p>\n<p>&nbsp;<\/p>\n<p>&nbsp;<\/p>\n<p>&nbsp;<\/p>\n","protected":false},"excerpt":{"rendered":"<p>O que aconteceria se usassem a B\u00edblia como usam o celular? Essa, sem d\u00favida, \u00e9 uma pergunta interessante, tanto assim que Jonas teve um sonho sobre isso. Vamos ver como foi? &nbsp; &nbsp; &nbsp; &nbsp; &nbsp; &nbsp; &nbsp;<\/p>\n","protected":false},"author":4340,"featured_media":16362,"comment_status":"closed","ping_status":"closed","sticky":false,"template":"","format":"standard","meta":{"_mi_skip_tracking":false,"_monsterinsights_sitenote_active":false,"_monsterinsights_sitenote_note":"","_monsterinsights_sitenote_category":0,"footnotes":""},"categories":[200710],"tags":[],"_links":{"self":[{"href":"https:\/\/blog.cancaonova.com\/paisecatequistas\/wp-json\/wp\/v2\/posts\/15504"}],"collection":[{"href":"https:\/\/blog.cancaonova.com\/paisecatequistas\/wp-json\/wp\/v2\/posts"}],"about":[{"href":"https:\/\/blog.cancaonova.com\/paisecatequistas\/wp-json\/wp\/v2\/types\/post"}],"author":[{"embeddable":true,"href":"https:\/\/blog.cancaonova.com\/paisecatequistas\/wp-json\/wp\/v2\/users\/4340"}],"replies":[{"embeddable":true,"href":"https:\/\/blog.cancaonova.com\/paisecatequistas\/wp-json\/wp\/v2\/comments?post=15504"}],"version-history":[{"count":5,"href":"https:\/\/blog.cancaonova.com\/paisecatequistas\/wp-json\/wp\/v2\/posts\/15504\/revisions"}],"predecessor-version":[{"id":15511,"href":"https:\/\/blog.cancaonova.com\/paisecatequistas\/wp-json\/wp\/v2\/posts\/15504\/revisions\/15511"}],"wp:featuredmedia":[{"embeddable":true,"href":"https:\/\/blog.cancaonova.com\/paisecatequistas\/wp-json\/wp\/v2\/media\/16362"}],"wp:attachment":[{"href":"https:\/\/blog.cancaonova.com\/paisecatequistas\/wp-json\/wp\/v2\/media?parent=15504"}],"wp:term":[{"taxonomy":"category","embeddable":true,"href":"https:\/\/blog.cancaonova.com\/paisecatequistas\/wp-json\/wp\/v2\/categories?post=15504"},{"taxonomy":"post_tag","embeddable":true,"href":"https:\/\/blog.cancaonova.com\/paisecatequistas\/wp-json\/wp\/v2\/tags?post=15504"}],"curies":[{"name":"wp","href":"https:\/\/api.w.org\/{rel}","templated":true}]}}