{"id":15534,"date":"2023-09-21T12:06:57","date_gmt":"2023-09-21T14:06:57","guid":{"rendered":"http:\/\/blog.cancaonova.com\/paisecatequistas\/?p=15534"},"modified":"2023-09-21T14:58:28","modified_gmt":"2023-09-21T16:58:28","slug":"vida-oculta-de-jesus","status":"publish","type":"post","link":"https:\/\/blog.cancaonova.com\/paisecatequistas\/vida-oculta-de-jesus\/","title":{"rendered":"A vida oculta de Jesus"},"content":{"rendered":"<p>Do nascimento de Jesus at\u00e9 os seus 12 anos, o que Ele viveu est\u00e1 escrito na B\u00edblia, mas, depois disso, at\u00e9 os seus 30 anos, s\u00f3 existe sil\u00eancio\u2026 O que ser\u00e1 que Jesus fez nesses anos? S\u00e3o Jos\u00e9 se dedicou a ensinar Jesus \u2014 adolescente, jovem e adulto \u2014, a trabalhar, a estudar, a rezar, a amar, a ser justo, obediente, fiel e d\u00f3cil.<\/p>\n<p><a href=\"http:\/\/blog.cancaonova.com\/paisecatequistas\/files\/2023\/09\/1.png\"><img loading=\"lazy\" decoding=\"async\" class=\" wp-image-15535 alignnone\" src=\"http:\/\/blog.cancaonova.com\/paisecatequistas\/files\/2023\/09\/1.png\" alt=\"\" width=\"730\" height=\"486\" srcset=\"https:\/\/blog.cancaonova.com\/paisecatequistas\/files\/2023\/09\/1.png 900w, https:\/\/blog.cancaonova.com\/paisecatequistas\/files\/2023\/09\/1-300x200.png 300w, https:\/\/blog.cancaonova.com\/paisecatequistas\/files\/2023\/09\/1-768x512.png 768w\" sizes=\"(max-width: 730px) 100vw, 730px\" \/><\/a><\/p>\n<p><strong>Papa Paulo VI disse que esses anos ocultos t\u00eam 3 significados:<\/strong><\/p>\n<p><strong>Sil\u00eancio:<\/strong> Jesus, que \u00e9 a Palavra viva, passou esses anos <strong>escutando<\/strong> a humanidade e a dire\u00e7\u00e3o de Deus Pai, para o que fazer e como fazer.<\/p>\n<p><strong>Vida Familiar:<\/strong> O ser uma fam\u00edlia se tornou f\u00f3rmula de santidade, pois Jesus se fez submisso, obediente aos seus pais. E, como Jesus \u00e9 Santo, seus pais tamb\u00e9m s\u00e3o, por isso, juntos, formam a Sagrada Fam\u00edlia.<\/p>\n<p><strong>Trabalho:<\/strong> O trabalho n\u00e3o \u00e9 um castigo. Na cria\u00e7\u00e3o do mundo, Deus j\u00e1 havia feito o ser humano como cocriador das coisas, Ad\u00e3o e Eva j\u00e1 cultivavam e cuidavam de tudo antes do pecado. Por isso, o trabalho \u00e9 um caminho de santifica\u00e7\u00e3o.<\/p>\n<p><a href=\"http:\/\/blog.cancaonova.com\/paisecatequistas\/files\/2023\/09\/2.png\"><img loading=\"lazy\" decoding=\"async\" class=\" wp-image-15536 alignnone\" src=\"http:\/\/blog.cancaonova.com\/paisecatequistas\/files\/2023\/09\/2.png\" alt=\"\" width=\"751\" height=\"501\" srcset=\"https:\/\/blog.cancaonova.com\/paisecatequistas\/files\/2023\/09\/2.png 900w, https:\/\/blog.cancaonova.com\/paisecatequistas\/files\/2023\/09\/2-300x200.png 300w, https:\/\/blog.cancaonova.com\/paisecatequistas\/files\/2023\/09\/2-768x512.png 768w\" sizes=\"(max-width: 751px) 100vw, 751px\" \/><\/a><\/p>\n<p>Jesus n\u00e3o perdeu tempo, Ele ganhou anos de experi\u00eancia da vida humana para saber como nos ensinar a sermos santos. Deus se fez homem para nos salvar.<\/p>\n<p>O Criador de tudo se fez Criatura para santificar a nossa exist\u00eancia. Por isso, Ele passou esses anos &#8220;ocultos&#8221;, na vida escondida, aprendendo a ser homem. A nossa vida tem valor porque Jesus viveu a vida de uma pessoa pobre e normal para nos ensinar a sermos santos na nossa realidade.<\/p>\n","protected":false},"excerpt":{"rendered":"<p>Do nascimento de Jesus at\u00e9 os seus 12 anos, o que Ele viveu est\u00e1 escrito na B\u00edblia, mas, depois disso, at\u00e9 os seus 30 anos, s\u00f3 existe sil\u00eancio\u2026 O que ser\u00e1 que Jesus fez nesses anos? S\u00e3o Jos\u00e9 se dedicou&#8230;<\/p>\n","protected":false},"author":4340,"featured_media":15536,"comment_status":"open","ping_status":"open","sticky":false,"template":"","format":"standard","meta":{"_mi_skip_tracking":false,"_monsterinsights_sitenote_active":false,"_monsterinsights_sitenote_note":"","_monsterinsights_sitenote_category":0,"footnotes":""},"categories":[1],"tags":[],"_links":{"self":[{"href":"https:\/\/blog.cancaonova.com\/paisecatequistas\/wp-json\/wp\/v2\/posts\/15534"}],"collection":[{"href":"https:\/\/blog.cancaonova.com\/paisecatequistas\/wp-json\/wp\/v2\/posts"}],"about":[{"href":"https:\/\/blog.cancaonova.com\/paisecatequistas\/wp-json\/wp\/v2\/types\/post"}],"author":[{"embeddable":true,"href":"https:\/\/blog.cancaonova.com\/paisecatequistas\/wp-json\/wp\/v2\/users\/4340"}],"replies":[{"embeddable":true,"href":"https:\/\/blog.cancaonova.com\/paisecatequistas\/wp-json\/wp\/v2\/comments?post=15534"}],"version-history":[{"count":3,"href":"https:\/\/blog.cancaonova.com\/paisecatequistas\/wp-json\/wp\/v2\/posts\/15534\/revisions"}],"predecessor-version":[{"id":15551,"href":"https:\/\/blog.cancaonova.com\/paisecatequistas\/wp-json\/wp\/v2\/posts\/15534\/revisions\/15551"}],"wp:featuredmedia":[{"embeddable":true,"href":"https:\/\/blog.cancaonova.com\/paisecatequistas\/wp-json\/wp\/v2\/media\/15536"}],"wp:attachment":[{"href":"https:\/\/blog.cancaonova.com\/paisecatequistas\/wp-json\/wp\/v2\/media?parent=15534"}],"wp:term":[{"taxonomy":"category","embeddable":true,"href":"https:\/\/blog.cancaonova.com\/paisecatequistas\/wp-json\/wp\/v2\/categories?post=15534"},{"taxonomy":"post_tag","embeddable":true,"href":"https:\/\/blog.cancaonova.com\/paisecatequistas\/wp-json\/wp\/v2\/tags?post=15534"}],"curies":[{"name":"wp","href":"https:\/\/api.w.org\/{rel}","templated":true}]}}