{"id":15542,"date":"2023-12-29T00:00:54","date_gmt":"2023-12-29T02:00:54","guid":{"rendered":"http:\/\/blog.cancaonova.com\/paisecatequistas\/?p=15542"},"modified":"2023-12-29T12:01:12","modified_gmt":"2023-12-29T14:01:12","slug":"hq-o-poder-da-palavra","status":"publish","type":"post","link":"https:\/\/blog.cancaonova.com\/paisecatequistas\/hq-o-poder-da-palavra\/","title":{"rendered":"HQ | O poder da Palavra"},"content":{"rendered":"<p>Todas as vezes que Jesus\u00a0pregava e curava algu\u00e9m, era pela Palavra, pois Ele \u00e9 o Verbo em Pessoa, \u00e9 a a\u00e7\u00e3o do Esp\u00edrito Santo.<\/p>\n<p><a href=\"http:\/\/blog.cancaonova.com\/paisecatequistas\/files\/2023\/09\/28-e-29-3.jpg\"><img loading=\"lazy\" decoding=\"async\" class=\"size-full wp-image-15558 alignnone\" src=\"http:\/\/blog.cancaonova.com\/paisecatequistas\/files\/2023\/09\/28-e-29-3.jpg\" alt=\"\" width=\"1654\" height=\"2539\" srcset=\"https:\/\/blog.cancaonova.com\/paisecatequistas\/files\/2023\/09\/28-e-29-3.jpg 1654w, https:\/\/blog.cancaonova.com\/paisecatequistas\/files\/2023\/09\/28-e-29-3-195x300.jpg 195w, https:\/\/blog.cancaonova.com\/paisecatequistas\/files\/2023\/09\/28-e-29-3-768x1179.jpg 768w\" sizes=\"(max-width: 1654px) 100vw, 1654px\" \/><\/a><\/p>\n<p><a href=\"http:\/\/blog.cancaonova.com\/paisecatequistas\/files\/2023\/09\/28-e-29-5.jpg\"><img loading=\"lazy\" decoding=\"async\" class=\"size-full wp-image-15564 alignnone\" src=\"http:\/\/blog.cancaonova.com\/paisecatequistas\/files\/2023\/09\/28-e-29-5.jpg\" alt=\"\" width=\"1715\" height=\"2539\" srcset=\"https:\/\/blog.cancaonova.com\/paisecatequistas\/files\/2023\/09\/28-e-29-5.jpg 1715w, https:\/\/blog.cancaonova.com\/paisecatequistas\/files\/2023\/09\/28-e-29-5-203x300.jpg 203w, https:\/\/blog.cancaonova.com\/paisecatequistas\/files\/2023\/09\/28-e-29-5-768x1137.jpg 768w\" sizes=\"(max-width: 1715px) 100vw, 1715px\" \/><\/a><\/p>\n","protected":false},"excerpt":{"rendered":"<p>Todas as vezes que Jesus\u00a0pregava e curava algu\u00e9m, era pela Palavra, pois Ele \u00e9 o Verbo em Pessoa, \u00e9 a a\u00e7\u00e3o do Esp\u00edrito Santo.<br \/>\n <a href=\"https:\/\/blog.cancaonova.com\/paisecatequistas\/hq-o-poder-da-palavra\/\">Continue lendo <span class=\"meta-nav\">&rarr;<\/span><\/a><\/p>\n","protected":false},"author":4340,"featured_media":16343,"comment_status":"open","ping_status":"open","sticky":false,"template":"","format":"standard","meta":{"_mi_skip_tracking":false,"_monsterinsights_sitenote_active":false,"_monsterinsights_sitenote_note":"","_monsterinsights_sitenote_category":0,"footnotes":""},"categories":[200710],"tags":[5011,16619,8001,15975,218972,221,18235,17843],"_links":{"self":[{"href":"https:\/\/blog.cancaonova.com\/paisecatequistas\/wp-json\/wp\/v2\/posts\/15542"}],"collection":[{"href":"https:\/\/blog.cancaonova.com\/paisecatequistas\/wp-json\/wp\/v2\/posts"}],"about":[{"href":"https:\/\/blog.cancaonova.com\/paisecatequistas\/wp-json\/wp\/v2\/types\/post"}],"author":[{"embeddable":true,"href":"https:\/\/blog.cancaonova.com\/paisecatequistas\/wp-json\/wp\/v2\/users\/4340"}],"replies":[{"embeddable":true,"href":"https:\/\/blog.cancaonova.com\/paisecatequistas\/wp-json\/wp\/v2\/comments?post=15542"}],"version-history":[{"count":8,"href":"https:\/\/blog.cancaonova.com\/paisecatequistas\/wp-json\/wp\/v2\/posts\/15542\/revisions"}],"predecessor-version":[{"id":16344,"href":"https:\/\/blog.cancaonova.com\/paisecatequistas\/wp-json\/wp\/v2\/posts\/15542\/revisions\/16344"}],"wp:featuredmedia":[{"embeddable":true,"href":"https:\/\/blog.cancaonova.com\/paisecatequistas\/wp-json\/wp\/v2\/media\/16343"}],"wp:attachment":[{"href":"https:\/\/blog.cancaonova.com\/paisecatequistas\/wp-json\/wp\/v2\/media?parent=15542"}],"wp:term":[{"taxonomy":"category","embeddable":true,"href":"https:\/\/blog.cancaonova.com\/paisecatequistas\/wp-json\/wp\/v2\/categories?post=15542"},{"taxonomy":"post_tag","embeddable":true,"href":"https:\/\/blog.cancaonova.com\/paisecatequistas\/wp-json\/wp\/v2\/tags?post=15542"}],"curies":[{"name":"wp","href":"https:\/\/api.w.org\/{rel}","templated":true}]}}