{"id":15613,"date":"2023-09-28T12:40:57","date_gmt":"2023-09-28T14:40:57","guid":{"rendered":"http:\/\/blog.cancaonova.com\/paisecatequistas\/?p=15613"},"modified":"2023-09-28T15:00:30","modified_gmt":"2023-09-28T17:00:30","slug":"estamos-em-contagem-regressiva-kairos-kids-2023","status":"publish","type":"post","link":"https:\/\/blog.cancaonova.com\/paisecatequistas\/estamos-em-contagem-regressiva-kairos-kids-2023\/","title":{"rendered":"Estamos em contagem regressiva - Kair\u00f3s Kids 2023"},"content":{"rendered":"<p>Est\u00e1 chegando o nosso Kair\u00f3s Kids 2023, cujo tema \u00e9 &#8220;Cora\u00e7\u00e3o de Maria, ref\u00fagio das fam\u00edlias!&#8221;. E n\u00f3s temos um \ud83c\udf81 para voc\u00ea, crian\u00e7a! Um calend\u00e1rio de contagem regressiva para o Kair\u00f3s Kids! Ebaaaa!<\/p>\n<p><a href=\"https:\/\/blog.cancaonova.com\/paisecatequistas\/files\/2023\/09\/Calendario-Kairos-Kids2023imprimir-mesclado-compactado-1.pdf\"><img loading=\"lazy\" decoding=\"async\" class=\"wp-image-15617 alignnone\" src=\"http:\/\/blog.cancaonova.com\/paisecatequistas\/files\/2023\/09\/calendario-1.jpg\" alt=\"\" width=\"826\" height=\"635\" srcset=\"https:\/\/blog.cancaonova.com\/paisecatequistas\/files\/2023\/09\/calendario-1.jpg 2000w, https:\/\/blog.cancaonova.com\/paisecatequistas\/files\/2023\/09\/calendario-1-300x231.jpg 300w, https:\/\/blog.cancaonova.com\/paisecatequistas\/files\/2023\/09\/calendario-1-768x591.jpg 768w\" sizes=\"(max-width: 826px) 100vw, 826px\" \/><\/a><br \/>\nImprima o seu (temos colorido e para colorir). A @sarahsabara j\u00e1 imprimiu o dela! Tire uma foto sua com o calend\u00e1rio, poste nos seus stories, marque o <strong>@can\u00e7\u00e3onovakids<\/strong>\u00a0para que n\u00f3s possamos repostar e j\u00e1 v\u00e1 contando os dias para o GRANDE DIAAAA! <strong>15 de outubro<\/strong>\u00a0estaremos juntinhos aqui em Cachoeira Paulista! \ud83c\udf1f\ud83e\udd70\u2764<\/p>\n<p>O link do calend\u00e1rio est\u00e1 na Bio do<a href=\"https:\/\/www.instagram.com\/cancaonovakids\/\">\u00a0<strong>@can\u00e7\u00e3onovakids<\/strong>\u00a0<\/a><br \/>\nQuem vem no Kair\u00f3s comenta l\u00e1!<\/p>\n<p>&nbsp;<\/p>\n<p>&nbsp;<\/p>\n","protected":false},"excerpt":{"rendered":"<p>Est\u00e1 chegando o nosso Kair\u00f3s Kids 2023, cujo tema \u00e9 &#8220;Cora\u00e7\u00e3o de Maria, ref\u00fagio das fam\u00edlias!&#8221;. E n\u00f3s temos um \ud83c\udf81 para voc\u00ea, crian\u00e7a! Um calend\u00e1rio de contagem regressiva para o Kair\u00f3s Kids! Ebaaaa! Imprima o seu (temos colorido e&#8230;<\/p>\n","protected":false},"author":4340,"featured_media":15619,"comment_status":"open","ping_status":"open","sticky":false,"template":"","format":"standard","meta":{"_mi_skip_tracking":false,"_monsterinsights_sitenote_active":false,"_monsterinsights_sitenote_note":"","_monsterinsights_sitenote_category":0,"footnotes":""},"categories":[1],"tags":[],"_links":{"self":[{"href":"https:\/\/blog.cancaonova.com\/paisecatequistas\/wp-json\/wp\/v2\/posts\/15613"}],"collection":[{"href":"https:\/\/blog.cancaonova.com\/paisecatequistas\/wp-json\/wp\/v2\/posts"}],"about":[{"href":"https:\/\/blog.cancaonova.com\/paisecatequistas\/wp-json\/wp\/v2\/types\/post"}],"author":[{"embeddable":true,"href":"https:\/\/blog.cancaonova.com\/paisecatequistas\/wp-json\/wp\/v2\/users\/4340"}],"replies":[{"embeddable":true,"href":"https:\/\/blog.cancaonova.com\/paisecatequistas\/wp-json\/wp\/v2\/comments?post=15613"}],"version-history":[{"count":5,"href":"https:\/\/blog.cancaonova.com\/paisecatequistas\/wp-json\/wp\/v2\/posts\/15613\/revisions"}],"predecessor-version":[{"id":15626,"href":"https:\/\/blog.cancaonova.com\/paisecatequistas\/wp-json\/wp\/v2\/posts\/15613\/revisions\/15626"}],"wp:featuredmedia":[{"embeddable":true,"href":"https:\/\/blog.cancaonova.com\/paisecatequistas\/wp-json\/wp\/v2\/media\/15619"}],"wp:attachment":[{"href":"https:\/\/blog.cancaonova.com\/paisecatequistas\/wp-json\/wp\/v2\/media?parent=15613"}],"wp:term":[{"taxonomy":"category","embeddable":true,"href":"https:\/\/blog.cancaonova.com\/paisecatequistas\/wp-json\/wp\/v2\/categories?post=15613"},{"taxonomy":"post_tag","embeddable":true,"href":"https:\/\/blog.cancaonova.com\/paisecatequistas\/wp-json\/wp\/v2\/tags?post=15613"}],"curies":[{"name":"wp","href":"https:\/\/api.w.org\/{rel}","templated":true}]}}