{"id":15658,"date":"2023-10-03T15:55:38","date_gmt":"2023-10-03T17:55:38","guid":{"rendered":"http:\/\/blog.cancaonova.com\/paisecatequistas\/?p=15658"},"modified":"2023-10-18T09:22:49","modified_gmt":"2023-10-18T11:22:49","slug":"revista-de-outubro-rainha-brasil","status":"publish","type":"post","link":"https:\/\/blog.cancaonova.com\/paisecatequistas\/revista-de-outubro-rainha-brasil\/","title":{"rendered":"Revista de Outubro: Rainha do Brasil"},"content":{"rendered":"<p>Em outubro, a Revista Can\u00e7\u00e3o Nova Kids tem como tema principal Nossa Senhora Aparecida, Padroeira e \u201cRainha do Brasil\u201d. Al\u00e9m disso, as crian\u00e7as aprender\u00e3o mais sobre os Anjos da Guarda.<\/p>\n<p>Nesta edi\u00e7\u00e3o, Padre Jonas ensina os princ\u00edpios da Can\u00e7\u00e3o Nova.\u00a0Por fim, n\u00e3o podem faltar os\u00a0ensinamentos do Catecismo, os jogos, as brincadeiras, os desenhos para colorir e, \u00e9 claro, a catequese com o Papa Francisco.<\/p>\n<p><a href=\"https:\/\/img.cancaonova.com\/cnimages\/canais\/uploads\/sites\/12\/2023\/09\/Revista-Can%C3%A7%C3%A3o-Nova-Kids-Outubro-2023-Site.pdf\"><span style=\"color: #3366ff\"><strong>Clique<\/strong><\/span><\/a>\u00a0aqui para ter uma pr\u00e9via desta linda revista:<\/p>\n<p><a href=\"https:\/\/img.cancaonova.com\/cnimages\/canais\/uploads\/sites\/12\/2023\/09\/Revista-Can%C3%A7%C3%A3o-Nova-Kids-Outubro-2023-Site.pdf\"><img loading=\"lazy\" decoding=\"async\" class=\"size-full wp-image-15659 alignnone\" src=\"http:\/\/blog.cancaonova.com\/paisecatequistas\/files\/2023\/10\/revista-oautubro.jpg\" alt=\"\" width=\"900\" height=\"600\" srcset=\"https:\/\/blog.cancaonova.com\/paisecatequistas\/files\/2023\/10\/revista-oautubro.jpg 900w, https:\/\/blog.cancaonova.com\/paisecatequistas\/files\/2023\/10\/revista-oautubro-300x200.jpg 300w, https:\/\/blog.cancaonova.com\/paisecatequistas\/files\/2023\/10\/revista-oautubro-768x512.jpg 768w\" sizes=\"(max-width: 900px) 100vw, 900px\" \/><\/a><\/p>\n<p><iframe loading=\"lazy\" title=\"Revista Can\u00c3\u00a7\u00c3\u00a3o Nova Kids - Outubro 2023\" width=\"600\" height=\"338\" src=\"https:\/\/www.youtube.com\/embed\/eoycCCXdSb8?feature=oembed&amp;rel=0\" frameborder=\"0\" allow=\"accelerometer; autoplay; clipboard-write; encrypted-media; gyroscope; picture-in-picture; web-share\" referrerpolicy=\"strict-origin-when-cross-origin\" allowfullscreen><\/iframe><\/p>\n<p>Um conte\u00fado especial que diverte e evangeliza os pequeninos.<\/p>\n","protected":false},"excerpt":{"rendered":"<p>Em outubro, a Revista Can\u00e7\u00e3o Nova Kids tem como tema principal Nossa Senhora Aparecida, Padroeira e \u201cRainha do Brasil\u201d. Al\u00e9m disso, as crian\u00e7as aprender\u00e3o mais sobre os Anjos da Guarda. Nesta edi\u00e7\u00e3o, Padre Jonas ensina os princ\u00edpios da Can\u00e7\u00e3o Nova.\u00a0Por&#8230;<\/p>\n","protected":false},"author":4340,"featured_media":15698,"comment_status":"open","ping_status":"open","sticky":false,"template":"","format":"standard","meta":{"_mi_skip_tracking":false,"_monsterinsights_sitenote_active":false,"_monsterinsights_sitenote_note":"","_monsterinsights_sitenote_category":0,"footnotes":""},"categories":[1],"tags":[],"_links":{"self":[{"href":"https:\/\/blog.cancaonova.com\/paisecatequistas\/wp-json\/wp\/v2\/posts\/15658"}],"collection":[{"href":"https:\/\/blog.cancaonova.com\/paisecatequistas\/wp-json\/wp\/v2\/posts"}],"about":[{"href":"https:\/\/blog.cancaonova.com\/paisecatequistas\/wp-json\/wp\/v2\/types\/post"}],"author":[{"embeddable":true,"href":"https:\/\/blog.cancaonova.com\/paisecatequistas\/wp-json\/wp\/v2\/users\/4340"}],"replies":[{"embeddable":true,"href":"https:\/\/blog.cancaonova.com\/paisecatequistas\/wp-json\/wp\/v2\/comments?post=15658"}],"version-history":[{"count":5,"href":"https:\/\/blog.cancaonova.com\/paisecatequistas\/wp-json\/wp\/v2\/posts\/15658\/revisions"}],"predecessor-version":[{"id":15699,"href":"https:\/\/blog.cancaonova.com\/paisecatequistas\/wp-json\/wp\/v2\/posts\/15658\/revisions\/15699"}],"wp:featuredmedia":[{"embeddable":true,"href":"https:\/\/blog.cancaonova.com\/paisecatequistas\/wp-json\/wp\/v2\/media\/15698"}],"wp:attachment":[{"href":"https:\/\/blog.cancaonova.com\/paisecatequistas\/wp-json\/wp\/v2\/media?parent=15658"}],"wp:term":[{"taxonomy":"category","embeddable":true,"href":"https:\/\/blog.cancaonova.com\/paisecatequistas\/wp-json\/wp\/v2\/categories?post=15658"},{"taxonomy":"post_tag","embeddable":true,"href":"https:\/\/blog.cancaonova.com\/paisecatequistas\/wp-json\/wp\/v2\/tags?post=15658"}],"curies":[{"name":"wp","href":"https:\/\/api.w.org\/{rel}","templated":true}]}}