{"id":15700,"date":"2023-10-11T09:58:56","date_gmt":"2023-10-11T11:58:56","guid":{"rendered":"http:\/\/blog.cancaonova.com\/paisecatequistas\/?p=15700"},"modified":"2023-10-11T10:25:09","modified_gmt":"2023-10-11T12:25:09","slug":"15700","status":"publish","type":"post","link":"https:\/\/blog.cancaonova.com\/paisecatequistas\/15700\/","title":{"rendered":"Vem a\u00ed - O c\u00e9u, a terra e o mar"},"content":{"rendered":"<p>Vamos cantar e louvar ao Senhor, que fez o c\u00e9u, a terra e tudo o que nela h\u00e1. Essa linda Can\u00e7\u00e3o, o padre Jonas comp\u00f4s, e hoje as crian\u00e7as do mundo todo s\u00e3o convidadas a cantar.<\/p>\n<p>https:\/\/youtu.be\/DiJf6HySIy0<\/p>\n<div class=\"head --lyric\">\n<div class=\"head-titleContainer\">\n<h1 class=\"head-title\">O C\u00e9u, a Terra e o Mar<\/h1>\n<h2 class=\"head-subtitle\"><\/h2>\n<\/div>\n<\/div>\n<div class=\"lyric\">\n<div class=\"lyric-original\">\n<p>O c\u00e9u, a terra e o mar Te louvam, Senhor,<br \/>\nTe louvam.<br \/>\nA flor, o fruto, o p\u00e3o Te louvam, Senhor,<br \/>\nTe louvam, Senhor.<\/p>\n<p>Os carros que cortam as ruas Te louvam, Senhor,<br \/>\nTe louvam.<br \/>\nOs pr\u00e9dios que rasgam o azul Te louvam, Senhor,<br \/>\nTe louvam, Senhor.<\/p>\n<p>Num hino vibrante<br \/>\nDe gl\u00f3ria e louvor,<br \/>\nDe um mundo que diz<br \/>\nGratid\u00e3o ao seu Criador,<br \/>\nAo seu Criador<\/p>\n<p>O ber\u00e7o em que dorme o nen\u00e9m Te louva, Senhor,<br \/>\nTe louva.<br \/>\nO leito do pobre, do doente, Te louva, Senhor,<br \/>\nTe louva, Senhor.<\/p>\n<p>A dor, o pranto, a morte Te louvam, Senhor,<br \/>\nTe louvam.<br \/>\nO riso, o canto, o amor Te louvam, Senhor,<br \/>\nTe louvam, Senhor.<\/p>\n<p>Num hino vibrante<br \/>\nDe gl\u00f3ria e louvor<br \/>\nDe um mundo que diz<br \/>\nGratid\u00e3o ao seu Criador<\/p>\n<p>Num hino vibrante<br \/>\nDe gl\u00f3ria e louvor<br \/>\nDe um mundo que diz<br \/>\nGratid\u00e3o ao seu Criador.<\/p>\n<\/div>\n<\/div>\n","protected":false},"excerpt":{"rendered":"<p>Vamos cantar e louvar ao Senhor, que fez o c\u00e9u, a terra e tudo o que nela h\u00e1. Essa linda Can\u00e7\u00e3o, o padre Jonas comp\u00f4s, e hoje as crian\u00e7as do mundo todo s\u00e3o convidadas a cantar. https:\/\/youtu.be\/DiJf6HySIy0 O C\u00e9u, a&#8230;<\/p>\n","protected":false},"author":4340,"featured_media":15701,"comment_status":"open","ping_status":"open","sticky":false,"template":"","format":"standard","meta":{"_mi_skip_tracking":false,"_monsterinsights_sitenote_active":false,"_monsterinsights_sitenote_note":"","_monsterinsights_sitenote_category":0,"footnotes":""},"categories":[1],"tags":[],"_links":{"self":[{"href":"https:\/\/blog.cancaonova.com\/paisecatequistas\/wp-json\/wp\/v2\/posts\/15700"}],"collection":[{"href":"https:\/\/blog.cancaonova.com\/paisecatequistas\/wp-json\/wp\/v2\/posts"}],"about":[{"href":"https:\/\/blog.cancaonova.com\/paisecatequistas\/wp-json\/wp\/v2\/types\/post"}],"author":[{"embeddable":true,"href":"https:\/\/blog.cancaonova.com\/paisecatequistas\/wp-json\/wp\/v2\/users\/4340"}],"replies":[{"embeddable":true,"href":"https:\/\/blog.cancaonova.com\/paisecatequistas\/wp-json\/wp\/v2\/comments?post=15700"}],"version-history":[{"count":6,"href":"https:\/\/blog.cancaonova.com\/paisecatequistas\/wp-json\/wp\/v2\/posts\/15700\/revisions"}],"predecessor-version":[{"id":15708,"href":"https:\/\/blog.cancaonova.com\/paisecatequistas\/wp-json\/wp\/v2\/posts\/15700\/revisions\/15708"}],"wp:featuredmedia":[{"embeddable":true,"href":"https:\/\/blog.cancaonova.com\/paisecatequistas\/wp-json\/wp\/v2\/media\/15701"}],"wp:attachment":[{"href":"https:\/\/blog.cancaonova.com\/paisecatequistas\/wp-json\/wp\/v2\/media?parent=15700"}],"wp:term":[{"taxonomy":"category","embeddable":true,"href":"https:\/\/blog.cancaonova.com\/paisecatequistas\/wp-json\/wp\/v2\/categories?post=15700"},{"taxonomy":"post_tag","embeddable":true,"href":"https:\/\/blog.cancaonova.com\/paisecatequistas\/wp-json\/wp\/v2\/tags?post=15700"}],"curies":[{"name":"wp","href":"https:\/\/api.w.org\/{rel}","templated":true}]}}